{"id":346929,"date":"2022-07-28T20:55:00","date_gmt":"2022-07-28T23:55:00","guid":{"rendered":"https:\/\/notinor.com\/jujuy\/?p=346929"},"modified":"2022-07-28T08:55:00","modified_gmt":"2022-07-28T08:55:00","slug":"cortes-de-transito-en-barrio-los-perales","status":"publish","type":"post","link":"https:\/\/notinor.com\/jujuy\/cortes-de-transito-en-barrio-los-perales\/","title":{"rendered":"Cortes de tr\u00e1nsito en barrio Los Perales"},"content":{"rendered":"\n<p><strong><em>Las medidas est\u00e1n dispuestas para los d\u00edas viernes 29 y s\u00e1bado 30 de julio en el marco de&nbsp;<strong>las obras repavimentaci\u00f3n que se ejecutan sobre avenida Illia del barrio Los Perales<\/strong>. Lo inform\u00f3 la Secretar\u00eda de Servicios P\u00fablicos de la Municipalidad de San Salvador de Jujuy, a trav\u00e9s de la Direcci\u00f3n de Tr\u00e1nsito y Transporte.<\/em><\/strong><\/p>\n\n\n\n<div class=\"wp-block-image\"><figure class=\"aligncenter size-large\"><img decoding=\"async\" loading=\"lazy\" width=\"350\" height=\"449\" src=\"https:\/\/notinor.com\/jujuy\/wp-content\/uploads\/2022\/07\/CORTES-TRANSSITO-1.jpeg\" alt=\"\" class=\"wp-image-346932\" srcset=\"https:\/\/notinor.com\/jujuy\/wp-content\/uploads\/2022\/07\/CORTES-TRANSSITO-1.jpeg 350w, https:\/\/notinor.com\/jujuy\/wp-content\/uploads\/2022\/07\/CORTES-TRANSSITO-1-285x365.jpeg 285w\" sizes=\"(max-width: 350px) 100vw, 350px\" \/><\/figure><\/div>\n\n\n\n<p>La Secretar\u00eda de Servicios P\u00fablicos de la Municipalidad de San Salvador de Jujuy, a trav\u00e9s de la Direcci\u00f3n de Tr\u00e1nsito y Transporte inform\u00f3 a la poblaci\u00f3n en general y los conductores en particular, las modificaciones en el tr\u00e1nsito, en raz\u00f3n de ejecutarse obras de mejoramiento vial y repavimentaci\u00f3n sobre avenida Illia.<\/p>\n\n\n\n<p>Por tal motivo el&nbsp;<strong>viernes 29<\/strong>&nbsp;se proceder\u00e1 a realizar el corte de dicha avenida entre calles<strong>&nbsp;El Ceibo y Los Lapachos<\/strong>; mientras que el&nbsp;<strong>s\u00e1bado 30<\/strong>, se restringir\u00e1 el tr\u00e1nsito en el tramo comprendido entre calles&nbsp;<strong>Los Lapachos y Mercedes de Rubianes.<\/strong><\/p>\n\n\n\n<p>A su vez informaron que se&nbsp;<strong>prohibir\u00e1 el estacionamiento en avenida Illia, entre calles El Carnaval y El Lapacho el d\u00eda viernes<\/strong>&nbsp;y en&nbsp;<strong>Los Lapachos y Mercedes de Rubianes el d\u00eda s\u00e1bado, en el horario de 07.00 a 20.00 horas aproximadamente.<\/strong><\/p>\n\n\n\n<p>Por tal motivo se les solicita prestar especial atenci\u00f3n a la se\u00f1alizaci\u00f3n y personal apostado a tal fin.<\/p>\n","protected":false},"excerpt":{"rendered":"<p>Las medidas est\u00e1n dispuestas para los d\u00edas viernes 29 y s\u00e1bado 30 de julio en el marco de&nbsp;las obras repavimentaci\u00f3n que se ejecutan sobre avenida Illia del barrio Los Perales. Lo inform\u00f3 la Secretar\u00eda de Servicios P\u00fablicos de la Municipalidad de San Salvador de Jujuy, a trav\u00e9s de la Direcci\u00f3n de Tr\u00e1nsito y Transporte. La [&hellip;]<\/p>\n","protected":false},"author":5,"featured_media":346932,"comment_status":"open","ping_status":"open","sticky":false,"template":"","format":"standard","meta":{"_stopmodifiedupdate":false,"_modified_date":"","inline_featured_image":false,"spay_email":"","jetpack_publicize_message":""},"categories":[514],"tags":[],"jetpack_featured_media_url":"https:\/\/notinor.com\/jujuy\/wp-content\/uploads\/2022\/07\/CORTES-TRANSSITO-1.jpeg","jetpack_publicize_connections":[],"_links":{"self":[{"href":"https:\/\/notinor.com\/jujuy\/wp-json\/wp\/v2\/posts\/346929"}],"collection":[{"href":"https:\/\/notinor.com\/jujuy\/wp-json\/wp\/v2\/posts"}],"about":[{"href":"https:\/\/notinor.com\/jujuy\/wp-json\/wp\/v2\/types\/post"}],"author":[{"embeddable":true,"href":"https:\/\/notinor.com\/jujuy\/wp-json\/wp\/v2\/users\/5"}],"replies":[{"embeddable":true,"href":"https:\/\/notinor.com\/jujuy\/wp-json\/wp\/v2\/comments?post=346929"}],"version-history":[{"count":1,"href":"https:\/\/notinor.com\/jujuy\/wp-json\/wp\/v2\/posts\/346929\/revisions"}],"predecessor-version":[{"id":346933,"href":"https:\/\/notinor.com\/jujuy\/wp-json\/wp\/v2\/posts\/346929\/revisions\/346933"}],"wp:featuredmedia":[{"embeddable":true,"href":"https:\/\/notinor.com\/jujuy\/wp-json\/wp\/v2\/media\/346932"}],"wp:attachment":[{"href":"https:\/\/notinor.com\/jujuy\/wp-json\/wp\/v2\/media?parent=346929"}],"wp:term":[{"taxonomy":"category","embeddable":true,"href":"https:\/\/notinor.com\/jujuy\/wp-json\/wp\/v2\/categories?post=346929"},{"taxonomy":"post_tag","embeddable":true,"href":"https:\/\/notinor.com\/jujuy\/wp-json\/wp\/v2\/tags?post=346929"}],"curies":[{"name":"wp","href":"https:\/\/api.w.org\/{rel}","templated":true}]}}