{"id":346868,"date":"2022-07-28T19:51:32","date_gmt":"2022-07-28T22:51:32","guid":{"rendered":"https:\/\/notinor.com\/jujuy\/?p=346868"},"modified":"2022-07-28T21:42:19","modified_gmt":"2022-07-29T00:42:19","slug":"batakis-fue-designada-como-presidenta-del-banco-nacion","status":"publish","type":"post","link":"https:\/\/notinor.com\/jujuy\/batakis-fue-designada-como-presidenta-del-banco-nacion\/","title":{"rendered":"Batakis fue designada como presidenta del Banco Naci\u00f3n"},"content":{"rendered":"\n<p class=\"has-medium-font-size\"><strong><em>Luego de tres semanas como ministra de Econom\u00eda, reemplazar\u00e1 a Eduardo Hecker.<\/em><\/strong><\/p>\n\n\n\n<div class=\"wp-block-image\"><figure class=\"aligncenter size-large\"><img decoding=\"async\" loading=\"lazy\" width=\"800\" height=\"450\" src=\"https:\/\/notinor.com\/jujuy\/wp-content\/uploads\/2022\/07\/silvina-batakis-2-1.jpg\" alt=\"\" class=\"wp-image-346869\" srcset=\"https:\/\/notinor.com\/jujuy\/wp-content\/uploads\/2022\/07\/silvina-batakis-2-1.jpg 800w, https:\/\/notinor.com\/jujuy\/wp-content\/uploads\/2022\/07\/silvina-batakis-2-1-649x365.jpg 649w, https:\/\/notinor.com\/jujuy\/wp-content\/uploads\/2022\/07\/silvina-batakis-2-1-500x280.jpg 500w, https:\/\/notinor.com\/jujuy\/wp-content\/uploads\/2022\/07\/silvina-batakis-2-1-768x432.jpg 768w, https:\/\/notinor.com\/jujuy\/wp-content\/uploads\/2022\/07\/silvina-batakis-2-1-750x422.jpg 750w\" sizes=\"(max-width: 800px) 100vw, 800px\" \/><\/figure><\/div>\n\n\n\n<p>El presidente Alberto Fern\u00e1ndez design\u00f3 a Silvina Batakis como presidenta del Banco Naci\u00f3n en reemplazo de Eduardo Hecker.<\/p>\n\n\n\n<p>En un comunicado, la Casa de Gobierno indic\u00f3: \u201cEl presidente reconoce y agradece el compromiso que demostr\u00f3 al sumarse al Gabinete\u201d.<\/p>\n","protected":false},"excerpt":{"rendered":"<p>Luego de tres semanas como ministra de Econom\u00eda, reemplazar\u00e1 a Eduardo Hecker. El presidente Alberto Fern\u00e1ndez design\u00f3 a Silvina Batakis como presidenta del Banco Naci\u00f3n en reemplazo de Eduardo Hecker. En un comunicado, la Casa de Gobierno indic\u00f3: \u201cEl presidente reconoce y agradece el compromiso que demostr\u00f3 al sumarse al Gabinete\u201d.<\/p>\n","protected":false},"author":49,"featured_media":346869,"comment_status":"open","ping_status":"open","sticky":false,"template":"","format":"standard","meta":{"_stopmodifiedupdate":false,"_modified_date":"","inline_featured_image":false,"spay_email":"","jetpack_publicize_message":""},"categories":[2,676,501],"tags":[],"jetpack_featured_media_url":"https:\/\/notinor.com\/jujuy\/wp-content\/uploads\/2022\/07\/silvina-batakis-2-1.jpg","jetpack_publicize_connections":[],"_links":{"self":[{"href":"https:\/\/notinor.com\/jujuy\/wp-json\/wp\/v2\/posts\/346868"}],"collection":[{"href":"https:\/\/notinor.com\/jujuy\/wp-json\/wp\/v2\/posts"}],"about":[{"href":"https:\/\/notinor.com\/jujuy\/wp-json\/wp\/v2\/types\/post"}],"author":[{"embeddable":true,"href":"https:\/\/notinor.com\/jujuy\/wp-json\/wp\/v2\/users\/49"}],"replies":[{"embeddable":true,"href":"https:\/\/notinor.com\/jujuy\/wp-json\/wp\/v2\/comments?post=346868"}],"version-history":[{"count":1,"href":"https:\/\/notinor.com\/jujuy\/wp-json\/wp\/v2\/posts\/346868\/revisions"}],"predecessor-version":[{"id":346870,"href":"https:\/\/notinor.com\/jujuy\/wp-json\/wp\/v2\/posts\/346868\/revisions\/346870"}],"wp:featuredmedia":[{"embeddable":true,"href":"https:\/\/notinor.com\/jujuy\/wp-json\/wp\/v2\/media\/346869"}],"wp:attachment":[{"href":"https:\/\/notinor.com\/jujuy\/wp-json\/wp\/v2\/media?parent=346868"}],"wp:term":[{"taxonomy":"category","embeddable":true,"href":"https:\/\/notinor.com\/jujuy\/wp-json\/wp\/v2\/categories?post=346868"},{"taxonomy":"post_tag","embeddable":true,"href":"https:\/\/notinor.com\/jujuy\/wp-json\/wp\/v2\/tags?post=346868"}],"curies":[{"name":"wp","href":"https:\/\/api.w.org\/{rel}","templated":true}]}}