{"id":346656,"date":"2022-07-27T21:02:14","date_gmt":"2022-07-28T00:02:14","guid":{"rendered":"https:\/\/notinor.com\/jujuy\/?p=346656"},"modified":"2022-07-27T21:02:22","modified_gmt":"2022-07-28T00:02:22","slug":"el-river-del-muneco-gallardo-muy-cerca-de-concretar-su-llegada-a-jujuy","status":"publish","type":"post","link":"https:\/\/notinor.com\/jujuy\/el-river-del-muneco-gallardo-muy-cerca-de-concretar-su-llegada-a-jujuy\/","title":{"rendered":"El River del \"Mu\u00f1eco\" Gallardo muy cerca de concretar su llegada a Jujuy"},"content":{"rendered":"\n<p><em>El partido que se negocia para que tenga como escenario a la Tacita de Plata es nada m\u00e1s y nada menos que ante el Defensa y Justicia de Sebasti\u00e1n Beccacece, entrenador con el cual Marcelo tuvo un cruce picante en la Liga Profesional.<\/em><\/p>\n\n\n\n<div class=\"wp-block-image\"><figure class=\"aligncenter size-large\"><img decoding=\"async\" loading=\"lazy\" width=\"840\" height=\"472\" src=\"https:\/\/notinor.com\/jujuy\/wp-content\/uploads\/2022\/07\/thumbs_b_c_9031edc8500b880e08c24484b86c72e9-840x472.jpg\" alt=\"\" class=\"wp-image-346657\" srcset=\"https:\/\/notinor.com\/jujuy\/wp-content\/uploads\/2022\/07\/thumbs_b_c_9031edc8500b880e08c24484b86c72e9-840x472.jpg 840w, https:\/\/notinor.com\/jujuy\/wp-content\/uploads\/2022\/07\/thumbs_b_c_9031edc8500b880e08c24484b86c72e9-650x365.jpg 650w, https:\/\/notinor.com\/jujuy\/wp-content\/uploads\/2022\/07\/thumbs_b_c_9031edc8500b880e08c24484b86c72e9-500x280.jpg 500w, https:\/\/notinor.com\/jujuy\/wp-content\/uploads\/2022\/07\/thumbs_b_c_9031edc8500b880e08c24484b86c72e9-768x431.jpg 768w, https:\/\/notinor.com\/jujuy\/wp-content\/uploads\/2022\/07\/thumbs_b_c_9031edc8500b880e08c24484b86c72e9-750x421.jpg 750w, https:\/\/notinor.com\/jujuy\/wp-content\/uploads\/2022\/07\/thumbs_b_c_9031edc8500b880e08c24484b86c72e9.jpg 864w\" sizes=\"(max-width: 840px) 100vw, 840px\" \/><\/figure><\/div>\n\n\n\n<p><em><a href=\"https:\/\/www.instagram.com\/rocioroj_\/\">Por Roc\u00edo Rojas<\/a><\/em><\/p>\n\n\n\n<p>El <strong>Estadio 23 de Agosto<\/strong> se transform\u00f3 en una sede m\u00e1s de la Copa Argentina y <strong>demostr\u00f3 estar a la altura log\u00edstica y organizativa<\/strong> de albergar encuentros deportivos de gran magnitud; no solo de f\u00fatbol, sino tambi\u00e9n de rugby, como el duelo entre Los Pumas y la Selecci\u00f3n de Escocia. <\/p>\n\n\n\n<p>En nuestra provincia <strong>Agropecuario<\/strong> dio el golpe y elimin\u00f3 a <strong>Racing<\/strong>, <strong>Independiente <\/strong>dej\u00f3 en el camino a <strong>Atl\u00e9tico Tucum\u00e1n<\/strong> y a mediados de agosto volver\u00e1 el \"Rojo\" y ser\u00e1 ante <strong>Vel\u00e9z.<\/strong><\/p>\n\n\n\n<p>Todos esos partidos, por la cantidad de aficionados que acompa\u00f1aron a sus equipos, <strong>implicaron un gran despliegue <\/strong>con operativos de seguridad y cambios en los recorridos de transporte urbano o cortes de tr\u00e1nsito. <\/p>\n\n\n\n<p>La provincia demostr\u00f3 sacar adelante estos tipos de eventos y es por ello que <strong>las negociaciones para que River Plate juegue en San Salvador de Jujuy ya se inciaron. <\/strong><\/p>\n\n\n\n<div class=\"wp-block-image\"><figure class=\"aligncenter size-large\"><img decoding=\"async\" loading=\"lazy\" width=\"639\" height=\"480\" src=\"https:\/\/notinor.com\/jujuy\/wp-content\/uploads\/2022\/07\/f850x638-67391_144880_5050-639x480.jpg\" alt=\"\" class=\"wp-image-346660\" srcset=\"https:\/\/notinor.com\/jujuy\/wp-content\/uploads\/2022\/07\/f850x638-67391_144880_5050-639x480.jpg 639w, https:\/\/notinor.com\/jujuy\/wp-content\/uploads\/2022\/07\/f850x638-67391_144880_5050-486x365.jpg 486w, https:\/\/notinor.com\/jujuy\/wp-content\/uploads\/2022\/07\/f850x638-67391_144880_5050-768x576.jpg 768w, https:\/\/notinor.com\/jujuy\/wp-content\/uploads\/2022\/07\/f850x638-67391_144880_5050-750x563.jpg 750w, https:\/\/notinor.com\/jujuy\/wp-content\/uploads\/2022\/07\/f850x638-67391_144880_5050.jpg 850w\" sizes=\"(max-width: 639px) 100vw, 639px\" \/><\/figure><\/div>\n\n\n\n<h3><a href=\"https:\/\/notinor.com\/jujuy\/triunfo-y-desahogo-para-lobo-que-vencio-2-0-a-nueva-chicago-y-quiere-acercarse-al-reducido\/?fbclid=IwAR3IGXW8HMV_bLk96uHHuEghmQP6DsILzhv2iryLSwUO1tFOXhpibPqwro4\">Leer tambi\u00e9n: Triunfo y desahogo para \u00abLobo\u00bb, que venci\u00f3 2 \u2013 0 a Nueva Chicago y quiere acercarse al reducido<\/a><\/h3>\n\n\n\n<p><strong>Desde la organizaci\u00f3n no hay confirmaci\u00f3n oficial a\u00fan<\/strong>, ya que restan pulir detalles, sin embargo las condiciones se pueden garantizar y existe tendencia favorable por parte del staff de la Copa Argentina y de funcionarios de Jujuy. <\/p>\n\n\n\n<p>La pr\u00f3xima semana empezar\u00e1n a jugarse las llaves de octavos de final, donde cabe recordar, <a href=\"https:\/\/notinor.com\/jujuy\/triunfo-y-desahogo-para-lobo-que-vencio-2-0-a-nueva-chicago-y-quiere-acercarse-al-reducido\/?fbclid=IwAR3IGXW8HMV_bLk96uHHuEghmQP6DsILzhv2iryLSwUO1tFOXhpibPqwro4\">Gimnasia y Esgrima de Jujuy<\/a> enfrentar\u00e1 a Banfield. El rival del \"Millonario\" en esta instancia ser\u00e1 Defensa y Justicia. <\/p>\n\n\n\n<p>Duelo aparte si los hay entre\u00a0Marcelo Gallardo y Sebasti\u00e1n Beccacece.\u00a0Ambos fueron protagonistas de un cruce bravo en el  partido correspondiente a la Liga Profesional. Discutieron en el campo de juego y luego hubo otro momento caliente en zona de vestuarios,\u00a0ya con el partido culminado. Casi se fueron a las manos,\u00a0seg\u00fan testigos del hecho en Florencio Varela.<\/p>\n\n\n\n<p><strong>El partido en el Estadio \"23 de Agosto\" podr\u00eda jugarse a finales de agosto o principios de septiembre<\/strong>. En el caso de que River logre\u00a0pasar al \"Halc\u00f3n\", jugar\u00e1 contra l ganador de Gimnasia y Esgrima de La Plata y Patronato, de continuar en carrera ambos equipos, <em>en la semifinal habr\u00eda cl\u00e1sico con Boca Juniors.<\/em><\/p>\n\n\n\n<figure class=\"wp-block-embed-youtube aligncenter wp-block-embed is-type-video is-provider-youtube wp-embed-aspect-16-9 wp-has-aspect-ratio\"><div class=\"wp-block-embed__wrapper\">\n<div class=\"jeg_video_container jeg_video_content\"><iframe loading=\"lazy\" title=\"\u00a1FUERA DE L\u00cdMITES! La fuerte pelea entre Gallardo y Beccacece\" width=\"500\" height=\"281\" src=\"https:\/\/www.youtube.com\/embed\/IQr4E2hUq1E?feature=oembed\" frameborder=\"0\" allow=\"accelerometer; autoplay; clipboard-write; encrypted-media; gyroscope; picture-in-picture\" allowfullscreen><\/iframe><\/div>\n<\/div><\/figure>\n","protected":false},"excerpt":{"rendered":"<p>El partido que se negocia para que tenga como escenario a la Tacita de Plata es nada m\u00e1s y nada menos que ante el Defensa y Justicia de Sebasti\u00e1n Beccacece, entrenador con el cual Marcelo tuvo un cruce picante en la Liga Profesional. Por Roc\u00edo Rojas El Estadio 23 de Agosto se transform\u00f3 en una [&hellip;]<\/p>\n","protected":false},"author":37,"featured_media":346657,"comment_status":"open","ping_status":"open","sticky":false,"template":"","format":"standard","meta":{"_stopmodifiedupdate":false,"_modified_date":"","inline_featured_image":false,"spay_email":"","jetpack_publicize_message":""},"categories":[7],"tags":[],"jetpack_featured_media_url":"https:\/\/notinor.com\/jujuy\/wp-content\/uploads\/2022\/07\/thumbs_b_c_9031edc8500b880e08c24484b86c72e9.jpg","jetpack_publicize_connections":[],"_links":{"self":[{"href":"https:\/\/notinor.com\/jujuy\/wp-json\/wp\/v2\/posts\/346656"}],"collection":[{"href":"https:\/\/notinor.com\/jujuy\/wp-json\/wp\/v2\/posts"}],"about":[{"href":"https:\/\/notinor.com\/jujuy\/wp-json\/wp\/v2\/types\/post"}],"author":[{"embeddable":true,"href":"https:\/\/notinor.com\/jujuy\/wp-json\/wp\/v2\/users\/37"}],"replies":[{"embeddable":true,"href":"https:\/\/notinor.com\/jujuy\/wp-json\/wp\/v2\/comments?post=346656"}],"version-history":[{"count":1,"href":"https:\/\/notinor.com\/jujuy\/wp-json\/wp\/v2\/posts\/346656\/revisions"}],"predecessor-version":[{"id":346662,"href":"https:\/\/notinor.com\/jujuy\/wp-json\/wp\/v2\/posts\/346656\/revisions\/346662"}],"wp:featuredmedia":[{"embeddable":true,"href":"https:\/\/notinor.com\/jujuy\/wp-json\/wp\/v2\/media\/346657"}],"wp:attachment":[{"href":"https:\/\/notinor.com\/jujuy\/wp-json\/wp\/v2\/media?parent=346656"}],"wp:term":[{"taxonomy":"category","embeddable":true,"href":"https:\/\/notinor.com\/jujuy\/wp-json\/wp\/v2\/categories?post=346656"},{"taxonomy":"post_tag","embeddable":true,"href":"https:\/\/notinor.com\/jujuy\/wp-json\/wp\/v2\/tags?post=346656"}],"curies":[{"name":"wp","href":"https:\/\/api.w.org\/{rel}","templated":true}]}}