{"id":346542,"date":"2022-07-27T08:25:38","date_gmt":"2022-07-27T11:25:38","guid":{"rendered":"https:\/\/notinor.com\/jujuy\/?p=346542"},"modified":"2022-07-27T11:14:30","modified_gmt":"2022-07-27T14:14:30","slug":"vilca-lauro-agapito","status":"publish","type":"post","link":"https:\/\/notinor.com\/jujuy\/vilca-lauro-agapito\/","title":{"rendered":"VILCA, Lauro Agapito"},"content":{"rendered":"\n<p><strong>Falleci\u00f3 el d\u00eda 26 de julio de 2022 , a hs. 09:50. C.A.S.R. y B.P., a la edad de 74 a\u00f1os. Su esposa: Ana Mar\u00eda Sivila de Vilca; sus hijos: Mariangeles, Liz Anabel, Bel\u00e9n, Gustavo, Norberto, Vanina y Gast\u00f3n Vilca; sus nietos: Victoria, Lorenzo y Sof\u00eda; sus hermanos: Felisa y Normando; sus hermanos pol\u00edticos; sus sobrinos y dem\u00e1s familiares participan con profundo dolor su fallecimiento y comunican que sus restos ser\u00e1n inhumados hoy 27 de julio en la ciudad de S.S.de Jujuy. FAE. Casa de duelo Los Tipales 112 B\u00b0 Chijra. Servicio empresa La Piedad SA. Salta 727 S.S.Jujuy. Tel. 0388-L\u00ednea gratuita 0800-444-5274<\/strong><\/p>\n","protected":false},"excerpt":{"rendered":"<p>Falleci\u00f3 el d\u00eda 26 de julio de 2022 , a hs. 09:50. C.A.S.R. y B.P., a la edad de 74 a\u00f1os. Su esposa: Ana Mar\u00eda Sivila de Vilca; sus hijos: Mariangeles, Liz Anabel, Bel\u00e9n, Gustavo, Norberto, Vanina y Gast\u00f3n Vilca; sus nietos: Victoria, Lorenzo y Sof\u00eda; sus hermanos: Felisa y Normando; sus hermanos pol\u00edticos; sus [&hellip;]<\/p>\n","protected":false},"author":5,"featured_media":129720,"comment_status":"open","ping_status":"open","sticky":false,"template":"","format":"standard","meta":{"_stopmodifiedupdate":false,"_modified_date":"","inline_featured_image":false,"spay_email":"","jetpack_publicize_message":""},"categories":[523],"tags":[],"jetpack_featured_media_url":"https:\/\/notinor.com\/jujuy\/wp-content\/uploads\/2017\/08\/Obituarios1.jpg","jetpack_publicize_connections":[],"_links":{"self":[{"href":"https:\/\/notinor.com\/jujuy\/wp-json\/wp\/v2\/posts\/346542"}],"collection":[{"href":"https:\/\/notinor.com\/jujuy\/wp-json\/wp\/v2\/posts"}],"about":[{"href":"https:\/\/notinor.com\/jujuy\/wp-json\/wp\/v2\/types\/post"}],"author":[{"embeddable":true,"href":"https:\/\/notinor.com\/jujuy\/wp-json\/wp\/v2\/users\/5"}],"replies":[{"embeddable":true,"href":"https:\/\/notinor.com\/jujuy\/wp-json\/wp\/v2\/comments?post=346542"}],"version-history":[{"count":1,"href":"https:\/\/notinor.com\/jujuy\/wp-json\/wp\/v2\/posts\/346542\/revisions"}],"predecessor-version":[{"id":346543,"href":"https:\/\/notinor.com\/jujuy\/wp-json\/wp\/v2\/posts\/346542\/revisions\/346543"}],"wp:featuredmedia":[{"embeddable":true,"href":"https:\/\/notinor.com\/jujuy\/wp-json\/wp\/v2\/media\/129720"}],"wp:attachment":[{"href":"https:\/\/notinor.com\/jujuy\/wp-json\/wp\/v2\/media?parent=346542"}],"wp:term":[{"taxonomy":"category","embeddable":true,"href":"https:\/\/notinor.com\/jujuy\/wp-json\/wp\/v2\/categories?post=346542"},{"taxonomy":"post_tag","embeddable":true,"href":"https:\/\/notinor.com\/jujuy\/wp-json\/wp\/v2\/tags?post=346542"}],"curies":[{"name":"wp","href":"https:\/\/api.w.org\/{rel}","templated":true}]}}