{"id":346537,"date":"2022-07-27T08:15:47","date_gmt":"2022-07-27T11:15:47","guid":{"rendered":"https:\/\/notinor.com\/jujuy\/?p=346537"},"modified":"2022-07-27T10:57:34","modified_gmt":"2022-07-27T13:57:34","slug":"una-ramos-juana-rosa","status":"publish","type":"post","link":"https:\/\/notinor.com\/jujuy\/una-ramos-juana-rosa\/","title":{"rendered":"U\u00d1A RAMOS, Juana Rosa"},"content":{"rendered":"\n<p><strong>Falleci\u00f3 el d\u00eda 26 de julio de 2022, a hs. 08:45. C.A.S.R. y B.P., a la edad de 85 a\u00f1os. Sus hijos: Violeta de los Angeles, Pedro Luis y Noem\u00ed del Valle; su hija pol\u00edtica: Mirta Iradez; sus nietos: Ruth, Mauro, Alfredo, Viviana, Facundo, Fabiana, Gonzalo, Gustavo, Yanina, Claudia, Jos\u00e9, Marcos, Roxana, Maximiliano, Guillermo y Alfredo; sus bisnietos: Ariadna, Agust\u00edn, Tati, Francisco, Aylen, Jos\u00e9 y dem\u00e1s familiares participan con profundo dolor su fallecimiento y comunican que sus restos ser\u00e1n inhumados hoy 27 de Julio  a hs. 16:00 previa misa de cuerpo presente en la capilla del B\u00b0 Santa B\u00e1rbara,  Humahuaca, Jujuy. FAE. Casa de duelo capilla del B\u00b0Santa Rosa Humahuaca. Servicio empresa La Piedad SA. Salta 727 S.S. de Jujuy. Tel. 0388-4222487. L\u00ednea gratuita 0800-444-5274.<\/strong><\/p>\n","protected":false},"excerpt":{"rendered":"<p>Falleci\u00f3 el d\u00eda 26 de julio de 2022, a hs. 08:45. C.A.S.R. y B.P., a la edad de 85 a\u00f1os. Sus hijos: Violeta de los Angeles, Pedro Luis y Noem\u00ed del Valle; su hija pol\u00edtica: Mirta Iradez; sus nietos: Ruth, Mauro, Alfredo, Viviana, Facundo, Fabiana, Gonzalo, Gustavo, Yanina, Claudia, Jos\u00e9, Marcos, Roxana, Maximiliano, Guillermo y [&hellip;]<\/p>\n","protected":false},"author":5,"featured_media":129720,"comment_status":"open","ping_status":"open","sticky":false,"template":"","format":"standard","meta":{"_stopmodifiedupdate":false,"_modified_date":"","inline_featured_image":false,"spay_email":"","jetpack_publicize_message":""},"categories":[523],"tags":[],"jetpack_featured_media_url":"https:\/\/notinor.com\/jujuy\/wp-content\/uploads\/2017\/08\/Obituarios1.jpg","jetpack_publicize_connections":[],"_links":{"self":[{"href":"https:\/\/notinor.com\/jujuy\/wp-json\/wp\/v2\/posts\/346537"}],"collection":[{"href":"https:\/\/notinor.com\/jujuy\/wp-json\/wp\/v2\/posts"}],"about":[{"href":"https:\/\/notinor.com\/jujuy\/wp-json\/wp\/v2\/types\/post"}],"author":[{"embeddable":true,"href":"https:\/\/notinor.com\/jujuy\/wp-json\/wp\/v2\/users\/5"}],"replies":[{"embeddable":true,"href":"https:\/\/notinor.com\/jujuy\/wp-json\/wp\/v2\/comments?post=346537"}],"version-history":[{"count":1,"href":"https:\/\/notinor.com\/jujuy\/wp-json\/wp\/v2\/posts\/346537\/revisions"}],"predecessor-version":[{"id":346539,"href":"https:\/\/notinor.com\/jujuy\/wp-json\/wp\/v2\/posts\/346537\/revisions\/346539"}],"wp:featuredmedia":[{"embeddable":true,"href":"https:\/\/notinor.com\/jujuy\/wp-json\/wp\/v2\/media\/129720"}],"wp:attachment":[{"href":"https:\/\/notinor.com\/jujuy\/wp-json\/wp\/v2\/media?parent=346537"}],"wp:term":[{"taxonomy":"category","embeddable":true,"href":"https:\/\/notinor.com\/jujuy\/wp-json\/wp\/v2\/categories?post=346537"},{"taxonomy":"post_tag","embeddable":true,"href":"https:\/\/notinor.com\/jujuy\/wp-json\/wp\/v2\/tags?post=346537"}],"curies":[{"name":"wp","href":"https:\/\/api.w.org\/{rel}","templated":true}]}}