{"id":346535,"date":"2022-07-27T08:15:35","date_gmt":"2022-07-27T11:15:35","guid":{"rendered":"https:\/\/notinor.com\/jujuy\/?p=346535"},"modified":"2022-07-27T10:53:33","modified_gmt":"2022-07-27T13:53:33","slug":"calapena-isabel","status":"publish","type":"post","link":"https:\/\/notinor.com\/jujuy\/calapena-isabel\/","title":{"rendered":"CALAPE\u00d1A, Isabel"},"content":{"rendered":"\n<p><strong>Falleci\u00f3 el d\u00eda 25 de julio de 2022, a hs. 23:00. C.A.S.R. y B.P., a la edad de 79 a\u00f1os. Sus hijos; sus<br>nietos; sus hermanos y dem\u00e1s familiares comunican a sus amistades y personas piadosas que sus restos<br>ser\u00e1n inhumados hoy 27 de julio a hs. 15:00 en el cementerio de La Candelaria, Rodero, Humahuaca<br>Ruegan elevar una oraci\u00f3n en su memoria. Casa de duelo Cnel. Zelaya S\/N Maimar\u00e1. Servicio de tanatopraxia y ceremonial empresa Futuro SRL. Ram\u00edrez de Velazco 137 S.S. de Jujuy,. Tel. 0388-4240090-4232086.<\/strong><\/p>\n","protected":false},"excerpt":{"rendered":"<p>Falleci\u00f3 el d\u00eda 25 de julio de 2022, a hs. 23:00. C.A.S.R. y B.P., a la edad de 79 a\u00f1os. Sus hijos; susnietos; sus hermanos y dem\u00e1s familiares comunican a sus amistades y personas piadosas que sus restosser\u00e1n inhumados hoy 27 de julio a hs. 15:00 en el cementerio de La Candelaria, Rodero, HumahuacaRuegan elevar [&hellip;]<\/p>\n","protected":false},"author":5,"featured_media":129720,"comment_status":"open","ping_status":"open","sticky":false,"template":"","format":"standard","meta":{"_stopmodifiedupdate":false,"_modified_date":"","inline_featured_image":false,"spay_email":"","jetpack_publicize_message":""},"categories":[523],"tags":[],"jetpack_featured_media_url":"https:\/\/notinor.com\/jujuy\/wp-content\/uploads\/2017\/08\/Obituarios1.jpg","jetpack_publicize_connections":[],"_links":{"self":[{"href":"https:\/\/notinor.com\/jujuy\/wp-json\/wp\/v2\/posts\/346535"}],"collection":[{"href":"https:\/\/notinor.com\/jujuy\/wp-json\/wp\/v2\/posts"}],"about":[{"href":"https:\/\/notinor.com\/jujuy\/wp-json\/wp\/v2\/types\/post"}],"author":[{"embeddable":true,"href":"https:\/\/notinor.com\/jujuy\/wp-json\/wp\/v2\/users\/5"}],"replies":[{"embeddable":true,"href":"https:\/\/notinor.com\/jujuy\/wp-json\/wp\/v2\/comments?post=346535"}],"version-history":[{"count":1,"href":"https:\/\/notinor.com\/jujuy\/wp-json\/wp\/v2\/posts\/346535\/revisions"}],"predecessor-version":[{"id":346536,"href":"https:\/\/notinor.com\/jujuy\/wp-json\/wp\/v2\/posts\/346535\/revisions\/346536"}],"wp:featuredmedia":[{"embeddable":true,"href":"https:\/\/notinor.com\/jujuy\/wp-json\/wp\/v2\/media\/129720"}],"wp:attachment":[{"href":"https:\/\/notinor.com\/jujuy\/wp-json\/wp\/v2\/media?parent=346535"}],"wp:term":[{"taxonomy":"category","embeddable":true,"href":"https:\/\/notinor.com\/jujuy\/wp-json\/wp\/v2\/categories?post=346535"},{"taxonomy":"post_tag","embeddable":true,"href":"https:\/\/notinor.com\/jujuy\/wp-json\/wp\/v2\/tags?post=346535"}],"curies":[{"name":"wp","href":"https:\/\/api.w.org\/{rel}","templated":true}]}}