{"id":346531,"date":"2022-07-27T08:10:42","date_gmt":"2022-07-27T11:10:42","guid":{"rendered":"https:\/\/notinor.com\/jujuy\/?p=346531"},"modified":"2022-07-27T10:48:12","modified_gmt":"2022-07-27T13:48:12","slug":"burgos-isidro-ramon","status":"publish","type":"post","link":"https:\/\/notinor.com\/jujuy\/burgos-isidro-ramon\/","title":{"rendered":"BURGOS, Isidro Ram\u00f3n"},"content":{"rendered":"\n<p><strong>Falleci\u00f3 el d\u00eda 25 de julio de 2022, a hs. 19:10. C.A.S.R. y B.P., a la edad de 70 a\u00f1os. Su esposa: Juana Cunchila, sus hijos: Ra\u00fal, Claudia, Andrea, Silvana y Jorge, sus nietos: Nicol\u00e1s, Santiago, Barbara y Martina. \"Te recodaremos con mucho car\u00f1o\" Dem\u00e1s familiares comunican a sus amistades y personas piadosas que sus restos seran inhumado hoy 27 de julio en el cementerio de Uquia, Humahuaca. Ruegan elevar una oraci\u00f3n en su memoria . Servicio de tanatopraxia y ceremonial empresa Futuro SRL, Ramirez de Velazco 137, S.S. de Jujuy, Tel. 0388-4240090-4232086.-<\/strong><\/p>\n","protected":false},"excerpt":{"rendered":"<p>Falleci\u00f3 el d\u00eda 25 de julio de 2022, a hs. 19:10. C.A.S.R. y B.P., a la edad de 70 a\u00f1os. Su esposa: Juana Cunchila, sus hijos: Ra\u00fal, Claudia, Andrea, Silvana y Jorge, sus nietos: Nicol\u00e1s, Santiago, Barbara y Martina. \"Te recodaremos con mucho car\u00f1o\" Dem\u00e1s familiares comunican a sus amistades y personas piadosas que sus [&hellip;]<\/p>\n","protected":false},"author":5,"featured_media":129720,"comment_status":"open","ping_status":"open","sticky":false,"template":"","format":"standard","meta":{"_stopmodifiedupdate":false,"_modified_date":"","inline_featured_image":false,"spay_email":"","jetpack_publicize_message":""},"categories":[523],"tags":[],"jetpack_featured_media_url":"https:\/\/notinor.com\/jujuy\/wp-content\/uploads\/2017\/08\/Obituarios1.jpg","jetpack_publicize_connections":[],"_links":{"self":[{"href":"https:\/\/notinor.com\/jujuy\/wp-json\/wp\/v2\/posts\/346531"}],"collection":[{"href":"https:\/\/notinor.com\/jujuy\/wp-json\/wp\/v2\/posts"}],"about":[{"href":"https:\/\/notinor.com\/jujuy\/wp-json\/wp\/v2\/types\/post"}],"author":[{"embeddable":true,"href":"https:\/\/notinor.com\/jujuy\/wp-json\/wp\/v2\/users\/5"}],"replies":[{"embeddable":true,"href":"https:\/\/notinor.com\/jujuy\/wp-json\/wp\/v2\/comments?post=346531"}],"version-history":[{"count":1,"href":"https:\/\/notinor.com\/jujuy\/wp-json\/wp\/v2\/posts\/346531\/revisions"}],"predecessor-version":[{"id":346533,"href":"https:\/\/notinor.com\/jujuy\/wp-json\/wp\/v2\/posts\/346531\/revisions\/346533"}],"wp:featuredmedia":[{"embeddable":true,"href":"https:\/\/notinor.com\/jujuy\/wp-json\/wp\/v2\/media\/129720"}],"wp:attachment":[{"href":"https:\/\/notinor.com\/jujuy\/wp-json\/wp\/v2\/media?parent=346531"}],"wp:term":[{"taxonomy":"category","embeddable":true,"href":"https:\/\/notinor.com\/jujuy\/wp-json\/wp\/v2\/categories?post=346531"},{"taxonomy":"post_tag","embeddable":true,"href":"https:\/\/notinor.com\/jujuy\/wp-json\/wp\/v2\/tags?post=346531"}],"curies":[{"name":"wp","href":"https:\/\/api.w.org\/{rel}","templated":true}]}}