{"id":346491,"date":"2022-07-26T21:15:00","date_gmt":"2022-07-27T00:15:00","guid":{"rendered":"https:\/\/notinor.com\/jujuy\/?p=346491"},"modified":"2022-07-26T09:15:00","modified_gmt":"2022-07-26T09:15:00","slug":"los-colectivos-llegaran-hasta-la-expo-policial-2022-en-ciudad-cultural","status":"publish","type":"post","link":"https:\/\/notinor.com\/jujuy\/los-colectivos-llegaran-hasta-la-expo-policial-2022-en-ciudad-cultural\/","title":{"rendered":"Los colectivos llegar\u00e1n hasta la Expo-Policial 2022 en Ciudad Cultural"},"content":{"rendered":"\n<p><em><strong><em><strong>Con motivo de la realizaci\u00f3n de la \u201c11\u00b0 Exposici\u00f3n Policial A\u00f1o 2022\u201d en la Ciudad Cultural, los<\/strong><\/em>&nbsp;<\/strong><\/em><em><strong>d\u00edas&nbsp;<\/strong><\/em><strong><em>27, 28 y 29 de julio, las l\u00edneas del transporte urbano de pasajeros afectaran su recorrido para llegar al sector del evento, durante esas jornadas<\/em>.<\/strong><\/p>\n\n\n\n<div class=\"wp-block-image\"><figure class=\"aligncenter size-large\"><img decoding=\"async\" loading=\"lazy\" width=\"520\" height=\"480\" src=\"https:\/\/notinor.com\/jujuy\/wp-content\/uploads\/2022\/07\/EXPO-520x480.jpg\" alt=\"\" class=\"wp-image-346496\" srcset=\"https:\/\/notinor.com\/jujuy\/wp-content\/uploads\/2022\/07\/EXPO-520x480.jpg 520w, https:\/\/notinor.com\/jujuy\/wp-content\/uploads\/2022\/07\/EXPO-395x365.jpg 395w, https:\/\/notinor.com\/jujuy\/wp-content\/uploads\/2022\/07\/EXPO-768x710.jpg 768w, https:\/\/notinor.com\/jujuy\/wp-content\/uploads\/2022\/07\/EXPO-750x693.jpg 750w, https:\/\/notinor.com\/jujuy\/wp-content\/uploads\/2022\/07\/EXPO.jpg 1024w\" sizes=\"(max-width: 520px) 100vw, 520px\" \/><\/figure><\/div>\n\n\n\n<p>La Secretaria de Servicios P\u00fablicos de la Municipalidad, a trav\u00e9s de la direcci\u00f3n de Tr\u00e1nsito y Transporte inform\u00f3 que en raz\u00f3n de llevarse a cabo la \u201c11\u00b0 Expo Policial A\u00f1o 2022\u201d, en la ciudad Cultural, los d\u00edas 27, 28 y 29 del corriente; se ha dispuesto que las l\u00edneas del transporte urbano de pasajeros afecten su recorrido, llegando hasta el lugar del evento donde hallar\u00e1n paradas debidamente identificadas para cada una de ellas. Dicha modificatoria se har\u00e1 efectiva en el horario de 10 a 23 horas.<\/p>\n","protected":false},"excerpt":{"rendered":"<p>Con motivo de la realizaci\u00f3n de la \u201c11\u00b0 Exposici\u00f3n Policial A\u00f1o 2022\u201d en la Ciudad Cultural, los&nbsp;d\u00edas&nbsp;27, 28 y 29 de julio, las l\u00edneas del transporte urbano de pasajeros afectaran su recorrido para llegar al sector del evento, durante esas jornadas. La Secretaria de Servicios P\u00fablicos de la Municipalidad, a trav\u00e9s de la direcci\u00f3n de [&hellip;]<\/p>\n","protected":false},"author":5,"featured_media":58024,"comment_status":"open","ping_status":"open","sticky":false,"template":"","format":"standard","meta":{"_stopmodifiedupdate":false,"_modified_date":"","inline_featured_image":false,"spay_email":"","jetpack_publicize_message":""},"categories":[13],"tags":[],"jetpack_featured_media_url":"https:\/\/notinor.com\/jujuy\/wp-content\/uploads\/2016\/01\/transporte.jpg","jetpack_publicize_connections":[],"_links":{"self":[{"href":"https:\/\/notinor.com\/jujuy\/wp-json\/wp\/v2\/posts\/346491"}],"collection":[{"href":"https:\/\/notinor.com\/jujuy\/wp-json\/wp\/v2\/posts"}],"about":[{"href":"https:\/\/notinor.com\/jujuy\/wp-json\/wp\/v2\/types\/post"}],"author":[{"embeddable":true,"href":"https:\/\/notinor.com\/jujuy\/wp-json\/wp\/v2\/users\/5"}],"replies":[{"embeddable":true,"href":"https:\/\/notinor.com\/jujuy\/wp-json\/wp\/v2\/comments?post=346491"}],"version-history":[{"count":1,"href":"https:\/\/notinor.com\/jujuy\/wp-json\/wp\/v2\/posts\/346491\/revisions"}],"predecessor-version":[{"id":346497,"href":"https:\/\/notinor.com\/jujuy\/wp-json\/wp\/v2\/posts\/346491\/revisions\/346497"}],"wp:featuredmedia":[{"embeddable":true,"href":"https:\/\/notinor.com\/jujuy\/wp-json\/wp\/v2\/media\/58024"}],"wp:attachment":[{"href":"https:\/\/notinor.com\/jujuy\/wp-json\/wp\/v2\/media?parent=346491"}],"wp:term":[{"taxonomy":"category","embeddable":true,"href":"https:\/\/notinor.com\/jujuy\/wp-json\/wp\/v2\/categories?post=346491"},{"taxonomy":"post_tag","embeddable":true,"href":"https:\/\/notinor.com\/jujuy\/wp-json\/wp\/v2\/tags?post=346491"}],"curies":[{"name":"wp","href":"https:\/\/api.w.org\/{rel}","templated":true}]}}