{"id":346448,"date":"2022-07-27T01:22:22","date_gmt":"2022-07-27T04:22:22","guid":{"rendered":"https:\/\/notinor.com\/jujuy\/?p=346448"},"modified":"2022-07-27T01:22:28","modified_gmt":"2022-07-27T04:22:28","slug":"el-gobernador-recibio-al-ente-de-desarrollo-de-santa-barbara","status":"publish","type":"post","link":"https:\/\/notinor.com\/jujuy\/el-gobernador-recibio-al-ente-de-desarrollo-de-santa-barbara\/","title":{"rendered":"El Gobernador recibi\u00f3 al Ente de Desarrollo de Santa B\u00e1rbara"},"content":{"rendered":"\n<p class=\"has-medium-font-size\"><strong><em>El Ente inform\u00f3 de su visita al Paraguay y las actividades que se llevaron adelante en el pa\u00eds vecino, como la apertura de nuevos intercambios y las nuevas relaciones bilaterales. Adem\u00e1s, se marc\u00f3 una agenda de trabajo sobre las nuevas obras y proyectos para las localidades que integran el mencionado organismo.<\/em><\/strong><\/p>\n\n\n\n<div class=\"wp-block-image\"><figure class=\"aligncenter size-large is-resized\"><img decoding=\"async\" loading=\"lazy\" src=\"https:\/\/notinor.com\/jujuy\/wp-content\/uploads\/2022\/07\/Dise\u00f1o-sin-t\u00edtulo-8-8.jpg\" alt=\"\" class=\"wp-image-346449\" width=\"822\" height=\"411\" srcset=\"https:\/\/notinor.com\/jujuy\/wp-content\/uploads\/2022\/07\/Dise\u00f1o-sin-t\u00edtulo-8-8.jpg 600w, https:\/\/notinor.com\/jujuy\/wp-content\/uploads\/2022\/07\/Dise\u00f1o-sin-t\u00edtulo-8-8-360x180.jpg 360w\" sizes=\"(max-width: 822px) 100vw, 822px\" \/><\/figure><\/div>\n\n\n\n<p>El gobernador<strong> Gerardo Morales<\/strong> recibi\u00f3 en su despacho al coordinador general del Ente de<strong> Santa B\u00e1rbara<\/strong>,<strong> Fabi\u00e1n Tejerina<\/strong>, quien lleg\u00f3 acompa\u00f1ado por los jefes comunales que integran el mencionado nucleamiento, para hacer un informe y un balance sobre la visita protocolar al pa\u00eds vecino. <strong>As\u00ed tambi\u00e9n, la participaci\u00f3n de la ExpoFeria Rural 2022 que se realiz\u00f3 en Paraguay, siendo Jujuy el \u00fanico representante de Argentina.<\/strong><\/p>\n\n\n\n<p>En ese contexto, Tejerina expres\u00f3 que la reuni\u00f3n con el gobernador fue <strong>\u201cmuy positiva\u201d<\/strong> y explic\u00f3 que <strong>\u201ctrazamos una agenda de trabajo con el Ejecutivo provincial para llevar adelante nuevas obras y proyectos para las localidades que integran el Ente, inclusive Rodeito\u201d<\/strong>.<\/p>\n\n\n\n<p>En otro orden, habl\u00f3 de la visita del Ente al Paraguay y dijo:<strong> \u201cJujuy particip\u00f3 de una importante ExpoFeria Rural que se realiz\u00f3 en Paraguay y que contiene la actividad agr\u00edcola ganadera, industrial, de servicio y de tecnolog\u00eda\u201d.<\/strong><\/p>\n\n\n\n<p>\u201cNosotros venimos trabajando con el Paraguay en varias acciones. En realidad, la pr\u00e1ctica nos llev\u00f3 a esto, es decir, hay mucha comercializaci\u00f3n. Ahora se viene la Post Expo y vamos a recibir a varios productores e inversores que se han interesado en la Zona Franca\u201d, culmin\u00f3 Tejerina.<\/p>\n\n\n\n<p>Participaron los intendentes de Santa Clara, Jos\u00e9 Luis Colque; de El Fuerte, Carolina L\u00f3pez; de Vinalito, Mart\u00edn Acu\u00f1a; El Talar, Juan Ru\u00edz; de Palma Sola, Fernando Ag\u00fcero; y de Rodeito, Eduardo Orellana.<\/p>\n","protected":false},"excerpt":{"rendered":"<p>El Ente inform\u00f3 de su visita al Paraguay y las actividades que se llevaron adelante en el pa\u00eds vecino, como la apertura de nuevos intercambios y las nuevas relaciones bilaterales. Adem\u00e1s, se marc\u00f3 una agenda de trabajo sobre las nuevas obras y proyectos para las localidades que integran el mencionado organismo. El gobernador Gerardo Morales [&hellip;]<\/p>\n","protected":false},"author":40,"featured_media":346449,"comment_status":"open","ping_status":"open","sticky":false,"template":"","format":"standard","meta":{"_stopmodifiedupdate":false,"_modified_date":"","inline_featured_image":false,"spay_email":"","jetpack_publicize_message":""},"categories":[4],"tags":[],"jetpack_featured_media_url":"https:\/\/notinor.com\/jujuy\/wp-content\/uploads\/2022\/07\/Dise\u00f1o-sin-t\u00edtulo-8-8.jpg","jetpack_publicize_connections":[],"_links":{"self":[{"href":"https:\/\/notinor.com\/jujuy\/wp-json\/wp\/v2\/posts\/346448"}],"collection":[{"href":"https:\/\/notinor.com\/jujuy\/wp-json\/wp\/v2\/posts"}],"about":[{"href":"https:\/\/notinor.com\/jujuy\/wp-json\/wp\/v2\/types\/post"}],"author":[{"embeddable":true,"href":"https:\/\/notinor.com\/jujuy\/wp-json\/wp\/v2\/users\/40"}],"replies":[{"embeddable":true,"href":"https:\/\/notinor.com\/jujuy\/wp-json\/wp\/v2\/comments?post=346448"}],"version-history":[{"count":1,"href":"https:\/\/notinor.com\/jujuy\/wp-json\/wp\/v2\/posts\/346448\/revisions"}],"predecessor-version":[{"id":346450,"href":"https:\/\/notinor.com\/jujuy\/wp-json\/wp\/v2\/posts\/346448\/revisions\/346450"}],"wp:featuredmedia":[{"embeddable":true,"href":"https:\/\/notinor.com\/jujuy\/wp-json\/wp\/v2\/media\/346449"}],"wp:attachment":[{"href":"https:\/\/notinor.com\/jujuy\/wp-json\/wp\/v2\/media?parent=346448"}],"wp:term":[{"taxonomy":"category","embeddable":true,"href":"https:\/\/notinor.com\/jujuy\/wp-json\/wp\/v2\/categories?post=346448"},{"taxonomy":"post_tag","embeddable":true,"href":"https:\/\/notinor.com\/jujuy\/wp-json\/wp\/v2\/tags?post=346448"}],"curies":[{"name":"wp","href":"https:\/\/api.w.org\/{rel}","templated":true}]}}