{"id":346443,"date":"2022-07-26T21:29:37","date_gmt":"2022-07-27T00:29:37","guid":{"rendered":"https:\/\/notinor.com\/jujuy\/?p=346443"},"modified":"2022-07-26T21:29:41","modified_gmt":"2022-07-27T00:29:41","slug":"el-gobierno-garantiza-trato-justo-e-igualitario-a-todos-los-municipios","status":"publish","type":"post","link":"https:\/\/notinor.com\/jujuy\/el-gobierno-garantiza-trato-justo-e-igualitario-a-todos-los-municipios\/","title":{"rendered":"El Gobierno garantiza trato justo e igualitario a todos los municipios"},"content":{"rendered":"\n<p class=\"has-medium-font-size\"><strong><em>Uno de los ejes fundacionales del gobierno de Morales es \"el respeto irrenunciable por las autonom\u00edas municipales\", afirm\u00f3 el Secretario Pablo Mayans.<\/em><\/strong><\/p>\n\n\n\n<div class=\"wp-block-image\"><figure class=\"aligncenter size-large\"><img decoding=\"async\" loading=\"lazy\" width=\"800\" height=\"450\" src=\"https:\/\/notinor.com\/jujuy\/wp-content\/uploads\/2022\/07\/mayans.jpg\" alt=\"\" class=\"wp-image-346444\" srcset=\"https:\/\/notinor.com\/jujuy\/wp-content\/uploads\/2022\/07\/mayans.jpg 800w, https:\/\/notinor.com\/jujuy\/wp-content\/uploads\/2022\/07\/mayans-649x365.jpg 649w, https:\/\/notinor.com\/jujuy\/wp-content\/uploads\/2022\/07\/mayans-500x280.jpg 500w, https:\/\/notinor.com\/jujuy\/wp-content\/uploads\/2022\/07\/mayans-768x432.jpg 768w, https:\/\/notinor.com\/jujuy\/wp-content\/uploads\/2022\/07\/mayans-750x422.jpg 750w\" sizes=\"(max-width: 800px) 100vw, 800px\" \/><\/figure><\/div>\n\n\n\n<p>\u201cLa gesti\u00f3n que encabeza el gobernador Gerardo Morales garantiza un trato justo e igualitario a todas y cada una de las administraciones municipales, sin distinci\u00f3n de bander\u00edas ni signos pol\u00edticos\u201d, asegur\u00f3 el secretario de Asuntos y Relaciones Municipales, Pablo Mayans.<\/p>\n\n\n\n<p>Adem\u00e1s, el funcionario dependiente del Ministerio de Gobierno y Justicia, destac\u00f3 que \u201cprueba fiel\u201d de ello es \u201cla oportuna mediaci\u00f3n en el reciente conflicto de Pampichuela\u201d, localidad a la cual el Gobierno de la Provincia \u201cdevolvi\u00f3 paz, estabilidad institucional y seguridad laboral a los trabajadores dependientes de esa administraci\u00f3n comunal\u201d.<\/p>\n\n\n\n<p>Sostuvo que uno de los ejes fundacionales del gobierno de Morales es \u201cel respeto irrenunciable por las autonom\u00edas municipales\u201d y de esta manera neg\u00f3 terminantemente toda posibilidad e intenci\u00f3n de \u201calinear\u201d a intendentes y comisionados municipales.<\/p>\n\n\n\n<p>En esta l\u00ednea argumental, afirm\u00f3 enf\u00e1ticamente que las transferencias de recursos coparticipables \u201cse cumplen en tiempo y forma\u201d, de acuerdo a las normas que regulan la administraci\u00f3n y distribuci\u00f3n de fondos p\u00fablicos que les corresponden a los municipios. Mayans remarc\u00f3 que \u201ceste gobierno tambi\u00e9n garantiza a las jurisdicciones comunales la disponibilidad de fondos para el pago de sueldos a las plantas de empleados y trabajadores, al tiempo que promueve la administraci\u00f3n responsable de recursos p\u00fablicos a nivel municipal, a trav\u00e9s de permanentes m\u00f3dulos de capacitaci\u00f3n, actualizaci\u00f3n y modernizaci\u00f3n disponibles para todos los municipios\u201d.<\/p>\n","protected":false},"excerpt":{"rendered":"<p>Uno de los ejes fundacionales del gobierno de Morales es \"el respeto irrenunciable por las autonom\u00edas municipales\", afirm\u00f3 el Secretario Pablo Mayans. \u201cLa gesti\u00f3n que encabeza el gobernador Gerardo Morales garantiza un trato justo e igualitario a todas y cada una de las administraciones municipales, sin distinci\u00f3n de bander\u00edas ni signos pol\u00edticos\u201d, asegur\u00f3 el secretario [&hellip;]<\/p>\n","protected":false},"author":49,"featured_media":346444,"comment_status":"open","ping_status":"open","sticky":false,"template":"","format":"standard","meta":{"_stopmodifiedupdate":false,"_modified_date":"","inline_featured_image":false,"spay_email":"","jetpack_publicize_message":""},"categories":[2,514],"tags":[],"jetpack_featured_media_url":"https:\/\/notinor.com\/jujuy\/wp-content\/uploads\/2022\/07\/mayans.jpg","jetpack_publicize_connections":[],"_links":{"self":[{"href":"https:\/\/notinor.com\/jujuy\/wp-json\/wp\/v2\/posts\/346443"}],"collection":[{"href":"https:\/\/notinor.com\/jujuy\/wp-json\/wp\/v2\/posts"}],"about":[{"href":"https:\/\/notinor.com\/jujuy\/wp-json\/wp\/v2\/types\/post"}],"author":[{"embeddable":true,"href":"https:\/\/notinor.com\/jujuy\/wp-json\/wp\/v2\/users\/49"}],"replies":[{"embeddable":true,"href":"https:\/\/notinor.com\/jujuy\/wp-json\/wp\/v2\/comments?post=346443"}],"version-history":[{"count":1,"href":"https:\/\/notinor.com\/jujuy\/wp-json\/wp\/v2\/posts\/346443\/revisions"}],"predecessor-version":[{"id":346445,"href":"https:\/\/notinor.com\/jujuy\/wp-json\/wp\/v2\/posts\/346443\/revisions\/346445"}],"wp:featuredmedia":[{"embeddable":true,"href":"https:\/\/notinor.com\/jujuy\/wp-json\/wp\/v2\/media\/346444"}],"wp:attachment":[{"href":"https:\/\/notinor.com\/jujuy\/wp-json\/wp\/v2\/media?parent=346443"}],"wp:term":[{"taxonomy":"category","embeddable":true,"href":"https:\/\/notinor.com\/jujuy\/wp-json\/wp\/v2\/categories?post=346443"},{"taxonomy":"post_tag","embeddable":true,"href":"https:\/\/notinor.com\/jujuy\/wp-json\/wp\/v2\/tags?post=346443"}],"curies":[{"name":"wp","href":"https:\/\/api.w.org\/{rel}","templated":true}]}}