{"id":346435,"date":"2022-07-26T20:15:11","date_gmt":"2022-07-26T23:15:11","guid":{"rendered":"https:\/\/notinor.com\/jujuy\/?p=346435"},"modified":"2022-07-27T09:30:45","modified_gmt":"2022-07-27T12:30:45","slug":"mas-de-13-millon-de-beneficiarios-del-plan-potenciar-trabajo-cobraran-un-bono-de-11-000-en-agosto","status":"publish","type":"post","link":"https:\/\/notinor.com\/jujuy\/mas-de-13-millon-de-beneficiarios-del-plan-potenciar-trabajo-cobraran-un-bono-de-11-000-en-agosto\/","title":{"rendered":"M\u00e1s de 1,3 mill\u00f3n de beneficiarios del plan Potenciar Trabajo cobrar\u00e1n un bono de $11.000 en agosto"},"content":{"rendered":"\n<p class=\"has-medium-font-size\"><strong><em>As\u00ed lo anunci\u00f3 el d\u00eda de hoy el Presidente Alberto Fern\u00e1ndez en un acto celebrado en Chapadmalal. Quienes est\u00e9n incluidos en el programa, recibir\u00e1n un ingreso de $23.925 el mes pr\u00f3ximo, a lo que se sumar\u00e1 el bono.<\/em><\/strong><\/p>\n\n\n\n<div class=\"wp-block-image\"><figure class=\"aligncenter size-large\"><img decoding=\"async\" loading=\"lazy\" width=\"800\" height=\"450\" src=\"https:\/\/notinor.com\/jujuy\/wp-content\/uploads\/2022\/07\/potenciar-trabajo.jpg\" alt=\"\" class=\"wp-image-346436\" srcset=\"https:\/\/notinor.com\/jujuy\/wp-content\/uploads\/2022\/07\/potenciar-trabajo.jpg 800w, https:\/\/notinor.com\/jujuy\/wp-content\/uploads\/2022\/07\/potenciar-trabajo-649x365.jpg 649w, https:\/\/notinor.com\/jujuy\/wp-content\/uploads\/2022\/07\/potenciar-trabajo-500x280.jpg 500w, https:\/\/notinor.com\/jujuy\/wp-content\/uploads\/2022\/07\/potenciar-trabajo-768x432.jpg 768w, https:\/\/notinor.com\/jujuy\/wp-content\/uploads\/2022\/07\/potenciar-trabajo-750x422.jpg 750w\" sizes=\"(max-width: 800px) 100vw, 800px\" \/><\/figure><\/div>\n\n\n\n<p>El presidente de la Rep\u00fablica Argentina,<a href=\"https:\/\/notinor.com\/jujuy\/alberto-fernandez-tenemos-que-tomar-la-bandera-de-evita-y-luchar-mas-que-nunca\/\"> <strong>Alberto Fern\u00e1ndez<\/strong><\/a>, <strong>anunci\u00f3<\/strong> este martes <strong>que el 5 de agosto se les pagar\u00e1 un bono a los beneficiarios del plan Potenciar Trabajo.<\/strong> Fuentes del Ministerio de Desarrollo Social indicaron que que <strong>el beneficio ser\u00e1 de 11.000 pesos.<\/strong><\/p>\n\n\n\n<p>Los beneficiarios del plan Potenciar Trabajo reciben una paga mensual que var\u00eda al igual que el salario m\u00ednimo vital y m\u00f3vil (Smvt), actualmente este se ubica en los <strong>$45.540<\/strong> y subir\u00e1 hasta los<strong> $47.850<\/strong> a partir de agosto. Quienes sean beneficiarios del plan, pasar\u00e1n de recibir <strong>$22.770 a $23.925<\/strong> a partir de la misma fecha, adem\u00e1s del bono de <strong>$ 11.000 extra que anunci\u00f3 el presidente Fern\u00e1ndez.<\/strong><\/p>\n\n\n\n<p>Hay cerca de<strong> 1,3 millones de beneficiarios del plan Potenciar Trabajo<\/strong> que tienen cuentas en el<strong> Banco Naci\u00f3n <\/strong>y que reciben el beneficio directamente, es decir que el bono del 5 de agosto le significar\u00e1 un desembolso cercano a <strong>$14,3 millones <\/strong>de las arcas del estado.<\/p>\n\n\n\n<p>El bono fue anunciado por<strong> Fern\u00e1ndez<\/strong> en un acto celebrado en <strong>Chapadmalal<\/strong> con motivo de la reapertura de uno de los complejos hoteleros del llamado <strong>\u201cturismo social\u201d<\/strong> de la d\u00e9cada de 1950. La medida responde a las movilizaciones sociales que tuvieron lugar la semana pasada en medio de la <strong>Ciudad de Buenos Aires<\/strong>, donde se reclam\u00f3 por aumentos en los salarios, en las jubilaciones y m\u00e1s planes sociales.<\/p>\n\n\n\n<p>Adem\u00e1s de haber anunciado el<strong> bono de 11.000 pesos<\/strong>, el presidente renov\u00f3 sus cr\u00edticas en el acto contra ciertos sectores por estar especulando con una devaluaci\u00f3n para <strong>\u201cvender lo que tienen que vender\u201d.<\/strong><\/p>\n\n\n\n<p><strong>\u201cLogramos levantarnos, crecimos, estamos creciendo, tenemos dificultades, algunos siguen especulando con una devaluaci\u00f3n para vender lo que tengan que vender\u201d<\/strong>, dijo en el acto en la ciudad costera, en el que adem\u00e1s record\u00f3 a Eva Per\u00f3n por la conmemoraci\u00f3n de 70 a\u00f1os desde su muerte.<\/p>\n\n\n\n<p>Fern\u00e1ndez asegur\u00f3 que el Gobierno lucha <strong>\u201ccontra los que siguen creyendo que la distribuci\u00f3n no debe hacerse de un modo igualitario, los que siguen promoviendo en el individualismo, los que siguen creyendo en la meritocracia, los que siguen diciendo esta es mi oportunidad de ganar y yo tengo derecho de ganar lo que me plazca, aunque el resto padezca\u201d.<\/strong><\/p>\n\n\n\n<p>\u201cTodos ellos hasta el d\u00eda de hoy est\u00e1n presentes, son los que especulan; los que especulan con los precios; los que hacen faltar mercader\u00edas especulado que los precios suban; son los que manipulan los precios de los supermercados; son los que promueven inflaci\u00f3n haci\u00e9ndole sentir a la gente que la moneda se va a devaluar; son los que esperan un momento en que la <strong>Argentina<\/strong> se debilite, se deval\u00fae, para vender lo que tienen que vender cuando la Argentina lo est\u00e1 necesitando para poder seguir produciendo, para poder seguir dando trabajo\u201d, remarc\u00f3 el presidente.<\/p>\n\n\n\n<p>Sumado a ello dijo que lo que<strong> Argentina est\u00e1 viviendo es una \u201cpuja distributiva\u201d<\/strong>, en la cual \u00e9l y su grupo pol\u00edtico creen que <strong>\u201clos que trabajan tienen el mismo derecho a participar de esas ganancias como los que invierten capital y producen\u201d<\/strong>. En este sentido, complet\u00f3 diciendo que el Gobierno dej\u00f3 las negociaciones paritarias abiertas para que <strong>\u201clos sueldos le ganen a la inflaci\u00f3n, que los sueldos se recompongan, que los sueldos vuelvan a ser un instrumento id\u00f3neo para que la gente viva dignamente\u201d.<\/strong><\/p>\n","protected":false},"excerpt":{"rendered":"<p>As\u00ed lo anunci\u00f3 el d\u00eda de hoy el Presidente Alberto Fern\u00e1ndez en un acto celebrado en Chapadmalal. Quienes est\u00e9n incluidos en el programa, recibir\u00e1n un ingreso de $23.925 el mes pr\u00f3ximo, a lo que se sumar\u00e1 el bono. El presidente de la Rep\u00fablica Argentina, Alberto Fern\u00e1ndez, anunci\u00f3 este martes que el 5 de agosto se [&hellip;]<\/p>\n","protected":false},"author":49,"featured_media":346436,"comment_status":"open","ping_status":"open","sticky":false,"template":"","format":"standard","meta":{"_stopmodifiedupdate":false,"_modified_date":"","inline_featured_image":false,"spay_email":"","jetpack_publicize_message":""},"categories":[5],"tags":[],"jetpack_featured_media_url":"https:\/\/notinor.com\/jujuy\/wp-content\/uploads\/2022\/07\/potenciar-trabajo.jpg","jetpack_publicize_connections":[],"_links":{"self":[{"href":"https:\/\/notinor.com\/jujuy\/wp-json\/wp\/v2\/posts\/346435"}],"collection":[{"href":"https:\/\/notinor.com\/jujuy\/wp-json\/wp\/v2\/posts"}],"about":[{"href":"https:\/\/notinor.com\/jujuy\/wp-json\/wp\/v2\/types\/post"}],"author":[{"embeddable":true,"href":"https:\/\/notinor.com\/jujuy\/wp-json\/wp\/v2\/users\/49"}],"replies":[{"embeddable":true,"href":"https:\/\/notinor.com\/jujuy\/wp-json\/wp\/v2\/comments?post=346435"}],"version-history":[{"count":3,"href":"https:\/\/notinor.com\/jujuy\/wp-json\/wp\/v2\/posts\/346435\/revisions"}],"predecessor-version":[{"id":346504,"href":"https:\/\/notinor.com\/jujuy\/wp-json\/wp\/v2\/posts\/346435\/revisions\/346504"}],"wp:featuredmedia":[{"embeddable":true,"href":"https:\/\/notinor.com\/jujuy\/wp-json\/wp\/v2\/media\/346436"}],"wp:attachment":[{"href":"https:\/\/notinor.com\/jujuy\/wp-json\/wp\/v2\/media?parent=346435"}],"wp:term":[{"taxonomy":"category","embeddable":true,"href":"https:\/\/notinor.com\/jujuy\/wp-json\/wp\/v2\/categories?post=346435"},{"taxonomy":"post_tag","embeddable":true,"href":"https:\/\/notinor.com\/jujuy\/wp-json\/wp\/v2\/tags?post=346435"}],"curies":[{"name":"wp","href":"https:\/\/api.w.org\/{rel}","templated":true}]}}