{"id":346428,"date":"2022-07-26T18:23:46","date_gmt":"2022-07-26T21:23:46","guid":{"rendered":"https:\/\/notinor.com\/jujuy\/?p=346428"},"modified":"2022-07-27T09:21:25","modified_gmt":"2022-07-27T12:21:25","slug":"gerardo-morales-entrego-en-humahuaca-un-camion-para-mejorar-la-gestion-de-residuos","status":"publish","type":"post","link":"https:\/\/notinor.com\/jujuy\/gerardo-morales-entrego-en-humahuaca-un-camion-para-mejorar-la-gestion-de-residuos\/","title":{"rendered":"Gerardo Morales entreg\u00f3 en Humahuaca un cami\u00f3n para mejorar la gesti\u00f3n de residuos"},"content":{"rendered":"\n<p class=\"has-medium-font-size\"><strong><em>El gobernador de la Provincia, Gerardo Morales, presidi\u00f3 el acto de entrega de las llaves de un cami\u00f3n Scania a la Municipalidad de Humahuaca. La unidad de transporte tiene una capacidad de 10 metros c\u00fabicos y fue adquirida en el marco del Programa de Gesti\u00f3n Integral de Residuos S\u00f3lidos Urbanos. La ceremonia se realiz\u00f3 en la explanada del Monumento a los H\u00e9roes de la Independencia.<\/em><\/strong><\/p>\n\n\n\n<div class=\"wp-block-image\"><figure class=\"aligncenter size-large\"><img decoding=\"async\" loading=\"lazy\" width=\"800\" height=\"450\" src=\"https:\/\/notinor.com\/jujuy\/wp-content\/uploads\/2022\/07\/camion-de-residuos-humahuaca.jpg\" alt=\"\" class=\"wp-image-346429\" srcset=\"https:\/\/notinor.com\/jujuy\/wp-content\/uploads\/2022\/07\/camion-de-residuos-humahuaca.jpg 800w, https:\/\/notinor.com\/jujuy\/wp-content\/uploads\/2022\/07\/camion-de-residuos-humahuaca-649x365.jpg 649w, https:\/\/notinor.com\/jujuy\/wp-content\/uploads\/2022\/07\/camion-de-residuos-humahuaca-500x280.jpg 500w, https:\/\/notinor.com\/jujuy\/wp-content\/uploads\/2022\/07\/camion-de-residuos-humahuaca-768x432.jpg 768w, https:\/\/notinor.com\/jujuy\/wp-content\/uploads\/2022\/07\/camion-de-residuos-humahuaca-750x422.jpg 750w\" sizes=\"(max-width: 800px) 100vw, 800px\" \/><\/figure><\/div>\n\n\n\n<p>El <strong><a href=\"https:\/\/notinor.com\/jujuy\/gerardo-morales-encabezo-el-acto-de-presentacion-de-equipamiento-destinado-a-productores-de-la-puna\/\">gobernador <\/a><\/strong>explic\u00f3 que se trata de la <strong>segunda entrega<\/strong> en esta localidad y luego record\u00f3 que desde el a\u00f1o 2015, cuando asumi\u00f3 la gobernaci\u00f3n, <strong>\u201cse rompi\u00f3 el paradigma que los residuos son un problema de los intendentes, porque en realidad es un gran problema para la humanidad\u201d<\/strong>.<\/p>\n\n\n\n<p><strong>\u201cEsto se inscribe en una pol\u00edtica compleja y amplia, con el concepto de Jujuy Verde y la lucha por el cambio clim\u00e1tico\u201d<\/strong>, apunt\u00f3 e indic\u00f3 que \u201ctenemos en Humahuaca varios operadores que trabajan en territorio para cuidar el ambiente\u201d.<\/p>\n\n\n\n<p><strong>\u201cEl planeta se sigue calentando y los lleva a la desertificaci\u00f3n, con eventos extremos como crecidas e inundaciones\u201d<\/strong>, alert\u00f3 y remarc\u00f3 que <strong>\u201ces central luchar contra el cambio clim\u00e1tico\u201d<\/strong>. Puntualiz\u00f3 que Jujuy y Misiones <strong>\u201cson las dos provincias que menos deforestaron en estos a\u00f1os\u201d <\/strong>y a\u00f1adi\u00f3 que \u201cestamos construyendo dos centros de lucha contra el fuego, uno ya est\u00e1 licitado y se abren los sobres en estos d\u00edas, sumando de esta manera cinco en toda la provincia\u201d. <strong>\u201cEso es prepararse contra las consecuencias del cambio clim\u00e1tico, pero hay que trabajar en las causas, por eso estamos bajando la desforestaci\u00f3n\u201d, coment\u00f3.<\/strong><\/p>\n\n\n\n<p>Asimismo, ratific\u00f3 que \u201cel objetivo es cerrar los 70 basurales a cielo abierto\u201d, lo que constituye \u201cun desaf\u00edo de todos\u201d y se\u00f1al\u00f3 que los municipios \u201cno pueden solos y la financiaci\u00f3n es del 100 por ciento provincial\u201d. <strong>\u201cEste el \u00fanico proyecto en el pa\u00eds que tiene estas caracter\u00edsticas integrales\u201d, asever\u00f3 Morales.<\/strong><\/p>\n\n\n\n<p>Por su parte, la <strong>ministra de Ambiente y Cambio Clim\u00e1tico<\/strong>, <strong>Mar\u00eda In\u00e9s Zigar\u00e1n<\/strong>, dijo que el cami\u00f3n fue adquirido en la segunda licitaci\u00f3n del proyecto <strong>GIRSU<\/strong>, dentro de <strong>\u201cun modelo de trabajo para la gesti\u00f3n de residuos, que es la mayor problem\u00e1tica de la humanidad\u201d<\/strong>. \u201cGIRSU es una iniciativa colaborativa entre los diferentes gobiernos, para resolver esta problem\u00e1tica particularmente en la Quebrada de Humahuaca, que es Patrimonio de la Humanidad declarada por la<strong> UNESCO<\/strong> lo que nos impuso el desaf\u00edo de la gesti\u00f3n ambiental en lugares patrimoniales y en un contexto de crecimiento del turismo que es una gran oportunidad para el desarrollo y la vez un desaf\u00edo para la gesti\u00f3n de los residuos\u201d.<\/p>\n\n\n\n<p>Confirm\u00f3, finalmente, que <strong>en Humahuaca se construir\u00e1 una estaci\u00f3n de transferencia para gesti\u00f3n de residuos de la regi\u00f3n y una base de incendios forestales.<\/strong> En tanto, la intendenta de Humahuaca, <strong>Karina Paniagua<\/strong>, expres\u00f3 que <strong>\u201ces una alegr\u00eda recibir este tipo de equipamiento que potencia el parque automotor del municipio y va en beneficio de los vecinos\u201d<\/strong>. \u201cEn Hornillos pedimos ayuda para erradicar el basural a cielo abierto y con la llegada de este cami\u00f3n podremos avanzar hacia ese objetivo\u201d, complet\u00f3.<\/p>\n\n\n\n<p>Tambi\u00e9n participaron del acto, el <strong>ministro de Trabajo y Empleo, Gaspar Santill\u00e1n<\/strong>; <strong>los diputados Victoria Luna Murillo y N\u00e9stor Sanabia y autoridades comunales<\/strong>, entre otros. La unidad es un rorado<strong> 0 Km<\/strong> y cuenta con caja autom\u00e1tica y tecnolog\u00eda de \u00faltima generaci\u00f3n. Entre otras caracter\u00edsticas, tiene motores acondicionados de manera tal que reduce las emisiones de gases de efecto invernadero. <strong>Este a\u00f1o el Ministerio de Ambiente y Cambio Clim\u00e1tico entreg\u00f3 camiones compactadores de residuos a las comisiones municipales de El Fuerte, Vinalito, Volc\u00e1n, Rode\u00edto, El Piquete, Pampa Blanca, Huacalera, El Moreno y Uqu\u00eda; y a los municipios de Yala, San Antonio, Palma Sola, Caimancito, Santa Clara, La Esperanza, Palpal\u00e1, San Pedro, Calilegua y Monterrico.<\/strong><\/p>\n","protected":false},"excerpt":{"rendered":"<p>El gobernador de la Provincia, Gerardo Morales, presidi\u00f3 el acto de entrega de las llaves de un cami\u00f3n Scania a la Municipalidad de Humahuaca. La unidad de transporte tiene una capacidad de 10 metros c\u00fabicos y fue adquirida en el marco del Programa de Gesti\u00f3n Integral de Residuos S\u00f3lidos Urbanos. La ceremonia se realiz\u00f3 en [&hellip;]<\/p>\n","protected":false},"author":49,"featured_media":346429,"comment_status":"open","ping_status":"open","sticky":false,"template":"","format":"standard","meta":{"_stopmodifiedupdate":false,"_modified_date":"","inline_featured_image":false,"spay_email":"","jetpack_publicize_message":""},"categories":[2,4],"tags":[],"jetpack_featured_media_url":"https:\/\/notinor.com\/jujuy\/wp-content\/uploads\/2022\/07\/camion-de-residuos-humahuaca.jpg","jetpack_publicize_connections":[],"_links":{"self":[{"href":"https:\/\/notinor.com\/jujuy\/wp-json\/wp\/v2\/posts\/346428"}],"collection":[{"href":"https:\/\/notinor.com\/jujuy\/wp-json\/wp\/v2\/posts"}],"about":[{"href":"https:\/\/notinor.com\/jujuy\/wp-json\/wp\/v2\/types\/post"}],"author":[{"embeddable":true,"href":"https:\/\/notinor.com\/jujuy\/wp-json\/wp\/v2\/users\/49"}],"replies":[{"embeddable":true,"href":"https:\/\/notinor.com\/jujuy\/wp-json\/wp\/v2\/comments?post=346428"}],"version-history":[{"count":3,"href":"https:\/\/notinor.com\/jujuy\/wp-json\/wp\/v2\/posts\/346428\/revisions"}],"predecessor-version":[{"id":346495,"href":"https:\/\/notinor.com\/jujuy\/wp-json\/wp\/v2\/posts\/346428\/revisions\/346495"}],"wp:featuredmedia":[{"embeddable":true,"href":"https:\/\/notinor.com\/jujuy\/wp-json\/wp\/v2\/media\/346429"}],"wp:attachment":[{"href":"https:\/\/notinor.com\/jujuy\/wp-json\/wp\/v2\/media?parent=346428"}],"wp:term":[{"taxonomy":"category","embeddable":true,"href":"https:\/\/notinor.com\/jujuy\/wp-json\/wp\/v2\/categories?post=346428"},{"taxonomy":"post_tag","embeddable":true,"href":"https:\/\/notinor.com\/jujuy\/wp-json\/wp\/v2\/tags?post=346428"}],"curies":[{"name":"wp","href":"https:\/\/api.w.org\/{rel}","templated":true}]}}