{"id":346425,"date":"2022-07-26T16:55:59","date_gmt":"2022-07-26T19:55:59","guid":{"rendered":"https:\/\/notinor.com\/jujuy\/?p=346425"},"modified":"2022-07-27T09:16:24","modified_gmt":"2022-07-27T12:16:24","slug":"san-juan-unac-entrego-beneficios-por-mas-de-3-400-millones-del-programa-de-apoyo-a-la-inversion-privada-ii","status":"publish","type":"post","link":"https:\/\/notinor.com\/jujuy\/san-juan-unac-entrego-beneficios-por-mas-de-3-400-millones-del-programa-de-apoyo-a-la-inversion-privada-ii\/","title":{"rendered":"San Juan: U\u00f1ac entreg\u00f3 beneficios por m\u00e1s de $3.400 millones del Programa de Apoyo a la Inversi\u00f3n Privada II"},"content":{"rendered":"\n<p class=\"has-medium-font-size\"><strong><em>El programa logr\u00f3 en su segunda etapa 87 postulaciones, con una inversi\u00f3n total de $3.445.436.668,04 aportados por el Estado provincial y fuerte impacto sobre la generaci\u00f3n de empleo genuino.<\/em><\/strong><\/p>\n\n\n\n<div class=\"wp-block-image\"><figure class=\"aligncenter size-large\"><img decoding=\"async\" loading=\"lazy\" width=\"800\" height=\"450\" src=\"https:\/\/notinor.com\/jujuy\/wp-content\/uploads\/2022\/07\/u\u00f1ac-san-juan.jpg\" alt=\"\" class=\"wp-image-346426\" srcset=\"https:\/\/notinor.com\/jujuy\/wp-content\/uploads\/2022\/07\/u\u00f1ac-san-juan.jpg 800w, https:\/\/notinor.com\/jujuy\/wp-content\/uploads\/2022\/07\/u\u00f1ac-san-juan-649x365.jpg 649w, https:\/\/notinor.com\/jujuy\/wp-content\/uploads\/2022\/07\/u\u00f1ac-san-juan-500x280.jpg 500w, https:\/\/notinor.com\/jujuy\/wp-content\/uploads\/2022\/07\/u\u00f1ac-san-juan-768x432.jpg 768w, https:\/\/notinor.com\/jujuy\/wp-content\/uploads\/2022\/07\/u\u00f1ac-san-juan-750x422.jpg 750w\" sizes=\"(max-width: 800px) 100vw, 800px\" \/><\/figure><\/div>\n\n\n\n<p>El <strong>gobernador de San Juan<\/strong>, <strong>Sergio U\u00f1ac<\/strong>, entreg\u00f3 este lunes certificados de Cr\u00e9dito Fiscal a 87 emprendimientos agr\u00edcolas, ganaderos, de salud y turismo, entre otros, pertenecientes al Programa de Apoyo a la Inversi\u00f3n Privada en su segunda etapa.<\/p>\n\n\n\n<p>El acto tuvo lugar en las nuevas instalaciones de la Empresa<strong> ACEM SRL<\/strong>, que gracias al aporte del Programa de Apoyo a la Inversi\u00f3n Privada en su primera edici\u00f3n inaugur\u00f3 en la jornada un nuevo centro de distribuci\u00f3n y venta de materiales de construcci\u00f3n, incorporando importante cantidad de mano de obra.<\/p>\n\n\n\n<p>La actividad fue encabezada por<strong> U\u00f1ac<\/strong>, acompa\u00f1ado por el <strong>intendente Armando S\u00e1nchez<\/strong>; los<strong> ministros de Hacienda y Finanzas, Marisa L\u00f3pez; de Producci\u00f3n y Desarrollo Econ\u00f3mico, Ariel Lucero y de Turismo y Cultura, Claudia Grynszpan; el director de Agencia de Inversiones San Juan, Fabi\u00e1n Ejarque; el presidente del directorio de EPSE, Juan Carlos Caparr\u00f3s; el presidente de ACEM SRL, Roberto Sachi; autoridades del Ejecutivo provincial; referentes de c\u00e1maras y empresarios.<\/strong><\/p>\n\n\n\n<p>El Programa de Apoyo a la Inversi\u00f3n Privada es el resultado del trabajo entre el Ministerio de Producci\u00f3n y Desarrollo Econ\u00f3mico de San Juan a trav\u00e9s de la Agencia<strong> San Juan<\/strong> de Desarrollo de Inversiones con el objetivo de <strong>generar condiciones para la concreci\u00f3n de inversiones por parte del sector privado en el territorio provincial<\/strong>, logrando empleo de calidad e inclusivo y el desarrollo sustentable en el territorio de la provincia. En este sentido, cabe destacar que <strong>San Juan<\/strong> cuenta con incentivos y oportunidades para la inversi\u00f3n productiva sustentable.<\/p>\n\n\n\n<p>Para la segunda edici\u00f3n del programa el Gobierno local previ\u00f3 una inversi\u00f3n inicial de<strong> $2.000 millones<\/strong>, ampliada luego a casi <strong>3.500 <\/strong>debido a la cantidad de proyectos aprobados, a lo que se le suma el aporte del sector privado, hasta llegar a una cifra superior a los <strong>7.000 millones de inversi\u00f3n total<\/strong>, que ser\u00e1 el monto volcado a la econom\u00eda sanjuanina.<\/p>\n\n\n\n<p>En el comienzo, <strong>el gobernador<\/strong> record\u00f3 el lanzamiento de este <strong>programa<\/strong> de incentivos <strong>destinado a mitigar el impacto de la pandemia sobre los sectores productivos de bienes y servicios de la provincia<\/strong>, impulsando condiciones que favorezcan la sostenibilidad y el empleo de calidad: \"Hace cuatro a\u00f1os lanzamos la primera edici\u00f3n de este programa de incentivos en una situaci\u00f3n muy delicada del pa\u00eds, pero nos animamos a seguir trabajando codo a codo para no deteriorar la econom\u00eda provincial. <strong>En ese momento hubo actores protag\u00f3nicos que se animaron a so\u00f1ar<\/strong>: la Uni\u00f3n Industrial, la construcci\u00f3n, agricultores y vitivinicultores, c\u00e1maras de comercio y nuevos sectores que no hab\u00edan recibido ning\u00fan cr\u00e9dito, como los de salud, c\u00e1maras de turismo, miner\u00eda, todos los que entend\u00edamos que el Estado deb\u00eda proporcionar herramientas para la actividad econ\u00f3mica, con el objetivo del crecimiento de los empresarios y que ayudaran al estado provincial para bajar los \u00edndices de desocupaci\u00f3n\u201d, expres\u00f3.<\/p>\n\n\n\n<p>\u201cEn aquella oportunidad, <strong>invertimos 1.000 millones de pesos<\/strong> en certificados de cr\u00e9dito fiscal. Esta segunda edici\u00f3n tiene como tope <strong>2.000 millones<\/strong>, pero se han presentado proyectos por casi <strong>3.500 millones de pesos<\/strong> solo de inversi\u00f3n del Estado provincial, a lo que se le suma, hasta llegar a una cifra superior a los <strong>7.000 millones<\/strong> de inversi\u00f3n total, el aporte del sector privado, en un momento tambi\u00e9n dif\u00edcil de la econom\u00eda nacional y provincial\u201d, continu\u00f3 U\u00f1ac.<\/p>\n\n\n\n<p>El primer mandatario provincial asegur\u00f3 que <strong>\u201clos sanjuaninos podemos decir con orgullo que la historia se repite tambi\u00e9n en el orden provincial, porque ante dos situaciones extremas, 2018 y 2022, nosotros estamos ac\u00e1 dejando inaugurada una nueva empresa, que genera nuevos puestos de trabajo, en un San Juan que tiene mucho que hacer ahora y mucho para el futuro\u201d.<\/strong><\/p>\n\n\n\n<p>\u201cQuiero agradecerles por la confianza e invitarlos a que sigamos construyendo esta provincia y que nos saquemos ciertos tab\u00faes hist\u00f3ricos. En un<strong> pa\u00eds<\/strong>, <strong>provincia<\/strong> o <strong>municipio<\/strong> <strong>existen dos sectores<\/strong>: el p\u00fablico y el <strong>privado<\/strong>. Nosotros hemos demostrado infinidad de veces que ambos tenemos los mismos objetivos en la provincia y estamos trabajando en conjunto, lo que agradezco\u201d, a\u00f1adi\u00f3.<\/p>\n\n\n\n<p><strong>U\u00f1ac<\/strong> consider\u00f3 que <strong>\u201cla salida v\u00e1lida es con m\u00e1s inversi\u00f3n, con m\u00e1s confianza, que es lo que nos est\u00e1 pasando<\/strong>. En <strong>San Juan<\/strong> debemos sentirnos orgullosos por las herramientas que ofrecemos desde este sector p\u00fablico que hoy me toca representar con mucho orgullo. Hay caminos que no deber\u00edan tener retroceso y uno es este. <strong>Otro es seguir mirando a San Juan con una econom\u00eda ampliada, porque una sola es insuficiente para la construcci\u00f3n de la provincia en las expectativas de su comunidad\u201d.<\/strong><\/p>\n\n\n\n<p>Para cerrar, el mandatario se\u00f1al\u00f3 que la Provincia continuar\u00e1 apostando \u201ca la diversificaci\u00f3n de la econom\u00eda de la provincia y eso no puede hacerlo el Estado solo, sino con el sector privado, siendo nosotros los responsables de seguir sentando las bases de una econom\u00eda diversificada, cre\u00edble, equilibrada, en la creencia de que los esfuerzos que hacemos deben rendir sus frutos para hoy y las futuras generaciones\u201d.<\/p>\n\n\n\n<p>Por su parte, Lucero se refiri\u00f3 al modelo de desarrollo establecido en el Acuerdo San Juan: <strong>\u201cMe toc\u00f3 hablar con pares de otras provincias sobre las herramientas que disponemos para para lograr alg\u00fan intercambio, pero no tienen los recursos ni las cuentas ordenadas. Esta herramienta la generamos desde el estado, pero si no hay una demanda y un trabajo con el sector privado ser\u00eda imposible desplegar estos planes\u201d.<\/strong><\/p>\n\n\n\n<p>Siguiendo, el ministro dijo que \u201chemos entregado<strong> certificados de empresas automotrices que utilizar\u00e1n paneler\u00eda fotovoltaica, algunos proyectos agr\u00edcolas y ganaderos como feedlot <\/strong>(para dar mayor peso a los animales criados a campo), <strong>cultivos de pistacho para posicionar una marca en el pa\u00eds y en el mundo,<\/strong> a empresas de salud, que tratan de generar desarrollo en la elaboraci\u00f3n de barbijos, cofias, una bodega y dem\u00e1s\u201d.<\/p>\n\n\n\n<p>Lucero cerr\u00f3 su alocuci\u00f3n felicitando a las <strong>54 empresas de la primera convocatoria<\/strong>, <strong>15 de las cuales generaron m\u00e1s de 600 puestos de trabajo indirectamente y 1200 directamente y tambi\u00e9n a las 87 nuevas beneficiarias.<\/strong><\/p>\n\n\n\n<p>Luego, Ejarque hizo un racconto de a\u00f1os anteriores a la pandemia y a\u00fan dentro de ella, donde tuvieron r\u00e9cords de presentaciones de proyectos, de los cuales hay 54 preaprobados.<strong> \u201cCon respecto a esto, tenemos r\u00e9cords de contrataci\u00f3n de personal, incluso algunos de los proyectos ya superaron la capacidad de contrataci\u00f3n y hubo una fuerte demanda de insumos locales. En base a esto, se decidi\u00f3 lanzar el segundo Programa de Incentivos Fiscales, con la presentaci\u00f3n de la plataforma para la inscripci\u00f3n de nuevos proyectos\u201d<\/strong>, explic\u00f3.<\/p>\n\n\n\n<p>Adem\u00e1s, Ejarque aport\u00f3 que el beneficio de aplicar estos programas debe ser econ\u00f3mico, ambiental y social.<\/p>\n\n\n\n<p>Siguiendo con su discurso, el funcionario explic\u00f3 que fueron presentados <strong>87 proyectos para acceder a los beneficios de este programa, los que suman $3.445 millones para una etapa que dispon\u00eda de $2 mil millones. <\/strong>\u201cEsto implica una inversi\u00f3n de las partes p\u00fablica y privada, de casi 7000 millones de pesos en la provincia. Hay que destacar que lo que viene a San Juan es un conjunto de pymes decididas a invertir y apoyar a la provincia.<strong> El Estado lo que hace es generar las herramientas para promover y facilitar una realidad diferente para \u00e9stas empresas, que impulsar\u00e1n la econom\u00eda local\u201d.<\/strong><\/p>\n\n\n\n<p>A su turno, S\u00e1nchez puso el foco en el trabajo mancomunado de las partes privada y estatal y la inversi\u00f3n en Pocito. <strong>\u201dEl crecimiento de empresas en el departamento es el resultado de un ordenamiento territorial realizado en la intendencia de U\u00f1ac, con el objetivo de la radicaci\u00f3n de empresas\u201d<\/strong>. Asimismo, el intendente anunci\u00f3 obras a realizar con el Fodere que beneficiar\u00e1n a las empresas establecidas en Pocito.<\/p>\n\n\n\n<p>Finalmente, <strong>Sachi <\/strong>se refiri\u00f3 al importante impulso que lograron con el<strong> Programa de Incentivos Fiscales<\/strong>, que <strong>\"se estren\u00f3 con la pandemia, pero que igual nos permiti\u00f3 seguir adelante\u201d, expres\u00f3.<\/strong><\/p>\n\n\n\n<p>Tambi\u00e9n detall\u00f3 parte del proyecto de construcci\u00f3n del galp\u00f3n, que incluye paneles solares y responde a la econom\u00eda circular, que tiene como prioridad aprovechar los recursos naturales: <strong>\u201cLa idea es que en el 2023 estemos trabajando ac\u00e1 con la planta de cortado y doblado. San Juan tiene condiciones para el desarrollo de empresas de todos los rubros\u201d,<\/strong> concluy\u00f3 el empresario y agradeci\u00f3 a los presentes.<\/p>\n\n\n\n<p class=\"has-medium-font-size\"><strong>M\u00e1s sobre el programa<\/strong><\/p>\n\n\n\n<p>Dinamizar la econom\u00eda y promover la creaci\u00f3n de nuevos puestos de trabajo para los sanjuaninos son las metas del Programa de Apoyo a la Inversi\u00f3n Privada, que otorga como beneficio Certificados de Cr\u00e9dito Fiscal que pueden aplicarse al pago de obligaciones fiscales provinciales, con una vigencia de cinco a\u00f1os computados desde la fecha de emisi\u00f3n.<\/p>\n\n\n\n<p>Algunos de los proyectos apuestan a la producci\u00f3n de pistacho, ganader\u00eda en feetlot, nueva f\u00e1brica para la elaboraci\u00f3n de barbijos descartables, cofias, camisolines y cubre calzados para su uso m\u00e9dico, restauraci\u00f3n de una bodega para el enoturismo, construcci\u00f3n de un paseo comercial, tur\u00edstico y gastron\u00f3mico, entre otros.<\/p>\n\n\n\n<p><strong>Los proyectos de inversi\u00f3n corresponden a ocho sectores productivos:<\/strong><\/p>\n\n\n\n<ul><li>Agricultura<\/li><li>TIC<\/li><li>Comercio y servicios<\/li><li>Turismo<\/li><li>Industria<\/li><li>Salud<\/li><li>Ganader\u00eda<\/li><li>Eficiencia h\u00eddrica y eficiencia energ\u00e9tica<\/li><\/ul>\n\n\n\n<p>El impacto sobre la inversi\u00f3n total de los 87 proyectos postulados es de $ 7.000 millones.<\/p>\n\n\n\n<p>El Programa de Apoyo a la Inversi\u00f3n Privada en la Provincia de San Juan fue instituido por Ley Provincial N\u00b0 2270-J; tiene por finalidad la creaci\u00f3n de empleo de calidad e inclusivo y el desarrollo productivo y sostenible provincial.<\/p>\n\n\n\n<p>El plan apunta a otorgar beneficios fiscales equivalentes hasta un 80 % del proyecto de inversi\u00f3n que se materializar\u00e1 a trav\u00e9s de Certificados de Cr\u00e9dito Fiscal, emitidos de acuerdo con el avance y puesta en marcha de la inversi\u00f3n, los cuales podr\u00e1n imputarse al pago de impuestos provinciales.<\/p>\n\n\n\n<p>Con excepci\u00f3n de aquellos proyectos que apliquen al sector eficiencia h\u00eddrica y energ\u00edas renovables, en cuyo caso, el beneficio fiscal podr\u00e1 ser de hasta un 60 %.<\/p>\n","protected":false},"excerpt":{"rendered":"<p>El programa logr\u00f3 en su segunda etapa 87 postulaciones, con una inversi\u00f3n total de $3.445.436.668,04 aportados por el Estado provincial y fuerte impacto sobre la generaci\u00f3n de empleo genuino. El gobernador de San Juan, Sergio U\u00f1ac, entreg\u00f3 este lunes certificados de Cr\u00e9dito Fiscal a 87 emprendimientos agr\u00edcolas, ganaderos, de salud y turismo, entre otros, pertenecientes [&hellip;]<\/p>\n","protected":false},"author":49,"featured_media":346426,"comment_status":"open","ping_status":"open","sticky":false,"template":"","format":"standard","meta":{"_stopmodifiedupdate":false,"_modified_date":"","inline_featured_image":false,"spay_email":"","jetpack_publicize_message":""},"categories":[5],"tags":[],"jetpack_featured_media_url":"https:\/\/notinor.com\/jujuy\/wp-content\/uploads\/2022\/07\/u\u00f1ac-san-juan.jpg","jetpack_publicize_connections":[],"_links":{"self":[{"href":"https:\/\/notinor.com\/jujuy\/wp-json\/wp\/v2\/posts\/346425"}],"collection":[{"href":"https:\/\/notinor.com\/jujuy\/wp-json\/wp\/v2\/posts"}],"about":[{"href":"https:\/\/notinor.com\/jujuy\/wp-json\/wp\/v2\/types\/post"}],"author":[{"embeddable":true,"href":"https:\/\/notinor.com\/jujuy\/wp-json\/wp\/v2\/users\/49"}],"replies":[{"embeddable":true,"href":"https:\/\/notinor.com\/jujuy\/wp-json\/wp\/v2\/comments?post=346425"}],"version-history":[{"count":3,"href":"https:\/\/notinor.com\/jujuy\/wp-json\/wp\/v2\/posts\/346425\/revisions"}],"predecessor-version":[{"id":346493,"href":"https:\/\/notinor.com\/jujuy\/wp-json\/wp\/v2\/posts\/346425\/revisions\/346493"}],"wp:featuredmedia":[{"embeddable":true,"href":"https:\/\/notinor.com\/jujuy\/wp-json\/wp\/v2\/media\/346426"}],"wp:attachment":[{"href":"https:\/\/notinor.com\/jujuy\/wp-json\/wp\/v2\/media?parent=346425"}],"wp:term":[{"taxonomy":"category","embeddable":true,"href":"https:\/\/notinor.com\/jujuy\/wp-json\/wp\/v2\/categories?post=346425"},{"taxonomy":"post_tag","embeddable":true,"href":"https:\/\/notinor.com\/jujuy\/wp-json\/wp\/v2\/tags?post=346425"}],"curies":[{"name":"wp","href":"https:\/\/api.w.org\/{rel}","templated":true}]}}