{"id":346345,"date":"2022-07-26T07:58:39","date_gmt":"2022-07-26T10:58:39","guid":{"rendered":"https:\/\/notinor.com\/jujuy\/?p=346345"},"modified":"2022-07-26T07:58:43","modified_gmt":"2022-07-26T10:58:43","slug":"gerardo-morales-encabezo-el-acto-de-presentacion-de-equipamiento-destinado-a-productores-de-la-puna","status":"publish","type":"post","link":"https:\/\/notinor.com\/jujuy\/gerardo-morales-encabezo-el-acto-de-presentacion-de-equipamiento-destinado-a-productores-de-la-puna\/","title":{"rendered":"Gerardo Morales encabez\u00f3 el acto de presentaci\u00f3n de equipamiento destinado a productores de la Puna"},"content":{"rendered":"\n<p class=\"has-medium-font-size\"><strong><em>El gobernador de la Provincia, Gerardo Morales, encabez\u00f3 en Ciudad Cultural el acto de presentaci\u00f3n de equipamiento destinado a productores de la Puna, en el marco de la iniciativa Unidad de Apoyo a la Producci\u00f3n (UAP), que, apuesta al aprovechamiento integral del potencial productivo de Jujuy, a trav\u00e9s del fortalecimiento de las v\u00edas de extracci\u00f3n de la producci\u00f3n agr\u00edcola y pecuaria y mejora de acceso al agua en \u00e1reas rurales.<\/em><\/strong><\/p>\n\n\n\n<div class=\"wp-block-image\"><figure class=\"aligncenter size-large is-resized\"><img decoding=\"async\" loading=\"lazy\" src=\"https:\/\/notinor.com\/jujuy\/wp-content\/uploads\/2022\/07\/Dise\u00f1o-sin-t\u00edtulo-35.jpg\" alt=\"\" class=\"wp-image-346346\" width=\"732\" height=\"366\" srcset=\"https:\/\/notinor.com\/jujuy\/wp-content\/uploads\/2022\/07\/Dise\u00f1o-sin-t\u00edtulo-35.jpg 600w, https:\/\/notinor.com\/jujuy\/wp-content\/uploads\/2022\/07\/Dise\u00f1o-sin-t\u00edtulo-35-360x180.jpg 360w\" sizes=\"(max-width: 732px) 100vw, 732px\" \/><\/figure><\/div>\n\n\n\n<p><strong>Morales<\/strong> indic\u00f3 que \u201cestamos presentando este equipamiento que va a operar en la<strong> Puna<\/strong>, en <strong>Abra Pampa<\/strong>, y les vendr\u00e1 bien a los <strong>productores<\/strong> de esa zona para mejorar caminos y aguadas y optimizar su producci\u00f3n y todas las actividades que realicen\u201d.<\/p>\n\n\n\n<p>Sostuvo que esta maquinaria se complementa con las acciones que forman parte del programa PROCANOR, \"que son ejecutadas con recursos provinciales en un trabajo en conjunto con instituciones y cooperativas\".<\/p>\n\n\n\n<p><strong>\u201cEl financiamiento para incorporar estos medios viene a trav\u00e9s del Ministerio de Agricultura\", apunt\u00f3 y agradeci\u00f3 en particular a Juli\u00e1n Dom\u00ednguez quien \"permiti\u00f3 que Jujuy pueda tambi\u00e9n contar con este equipamiento\u201d.<\/strong><\/p>\n\n\n\n<p>El mandatario adelant\u00f3 un trabajo coordinado entre las carteras de Desarrollo Econ\u00f3mico y Producci\u00f3n y la de Infraestructura \"por cuestiones log\u00edsticas y uso y mantenimiento de la maquinaria\".<\/p>\n\n\n\n<p>Por su parte, el ministro de Desarrollo Econ\u00f3mico y Producci\u00f3n, Exequiel Lello Ivacevich, se\u00f1al\u00f3 que la Unidad de Apoyo a la Producci\u00f3n surge de un esfuerzo del Gobierno de Jujuy, para brindar asistencia a los productores de la Puna. <strong>\"Nuestros productores de esa zona son los que, por una cuesti\u00f3n topogr\u00e1fica, tienen mucha dificultad para el acceso al agua o los caminos. Por eso, hemos conseguido financiamiento para armar un parque de maquinaria que nos permita darles asistencia\"<\/strong>, expres\u00f3 el funcionario quien precis\u00f3 que las m\u00e1quinas estar\u00e1n en la Agencia de Desarrollo Puna, ubicada en Abra Pampa.<\/p>\n\n\n\n<p><strong>\"Muchas veces los productores tienen que ir a buscar de manera privada, alquilar \u00e9stas maquinarias que le generan un costo muy alto, y por eso hemos armado esta Unidad, sin perjuicio de que seguimos trabajando a trav\u00e9s de regal\u00edas mineras y de los distintos programas para fortalecer a las comunidades que est\u00e1n en territorio con m\u00e1s maquinarias\"<\/strong>, afirm\u00f3 el m\u00e1ximo referente de la cartera de Producci\u00f3n.<\/p>\n\n\n\n<p>De esta manera, ponder\u00f3 el ministro,<strong> \"se busca solucionar la hist\u00f3rica diferencia de acceso que existe entre productores de la Puna y Quebrada con respecto a Valles y Yungas\"<\/strong>.<\/p>\n\n\n\n<p>Estuvieron presentes, adem\u00e1s, el Ministro de Infraestructura, Carlos Stanic; y miembros del gabinete de la cartera de Desarrollo Econ\u00f3mico y Producci\u00f3n.<\/p>\n\n\n\n<p><strong>Sobre la Unidad de Apoyo a la Producci\u00f3n<\/strong><\/p>\n\n\n\n<p>La iniciativa surge tras un recorrido por cada uno de los departamentos de la provincia, durante el cual se dialog\u00f3 con productores y se identific\u00f3 como principales problem\u00e1ticas en com\u00fan los dos ejes a trabajarse desde la nueva unidad.<\/p>\n\n\n\n<p><strong>Se pretende fortalecer el trabajo que realiza de manera sostenida la Direcci\u00f3n de Recursos H\u00eddricos y Vialidad provincial en todo el territorio provincial.<\/strong><\/p>\n\n\n\n<p>Se proyectan servicios y trabajos de mejora a brindarse durante todo el a\u00f1o, ya que en las diferentes \u00e9pocas existen trabajos de accesibilidad y de abastecimiento de agua necesarios para garantizar la producci\u00f3n, as\u00ed como la calidad de vida de las familias en cuanto a salud, educaci\u00f3n e ingresos econ\u00f3micos.<\/p>\n\n\n\n<p class=\"has-medium-font-size\"><strong>Caracter\u00edsticas de la maquinaria adquirida:<\/strong><\/p>\n\n\n\n<p>- Retropala RPL100 4WD LOTHAR<\/p>\n\n\n\n<p>- Cami\u00f3n Volcador IVECO 170E28 CON CAJA VOLCADORA REGADOR<\/p>\n\n\n\n<p>- Cami\u00f3n Regador\/Cisterna IVECO 170E28 CON TANQUE<\/p>\n\n\n\n<p>- Motoniveladora SINOMACH 717H<\/p>\n\n\n\n<p>A futuro se planea fortalecer el sistema con nueva maquinaria.<\/p>\n\n\n\n<p>Monto del Proyecto: $75.000.000.<\/p>\n","protected":false},"excerpt":{"rendered":"<p>El gobernador de la Provincia, Gerardo Morales, encabez\u00f3 en Ciudad Cultural el acto de presentaci\u00f3n de equipamiento destinado a productores de la Puna, en el marco de la iniciativa Unidad de Apoyo a la Producci\u00f3n (UAP), que, apuesta al aprovechamiento integral del potencial productivo de Jujuy, a trav\u00e9s del fortalecimiento de las v\u00edas de extracci\u00f3n [&hellip;]<\/p>\n","protected":false},"author":40,"featured_media":346346,"comment_status":"open","ping_status":"open","sticky":false,"template":"","format":"standard","meta":{"_stopmodifiedupdate":false,"_modified_date":"","inline_featured_image":false,"spay_email":"","jetpack_publicize_message":""},"categories":[514],"tags":[],"jetpack_featured_media_url":"https:\/\/notinor.com\/jujuy\/wp-content\/uploads\/2022\/07\/Dise\u00f1o-sin-t\u00edtulo-35.jpg","jetpack_publicize_connections":[],"_links":{"self":[{"href":"https:\/\/notinor.com\/jujuy\/wp-json\/wp\/v2\/posts\/346345"}],"collection":[{"href":"https:\/\/notinor.com\/jujuy\/wp-json\/wp\/v2\/posts"}],"about":[{"href":"https:\/\/notinor.com\/jujuy\/wp-json\/wp\/v2\/types\/post"}],"author":[{"embeddable":true,"href":"https:\/\/notinor.com\/jujuy\/wp-json\/wp\/v2\/users\/40"}],"replies":[{"embeddable":true,"href":"https:\/\/notinor.com\/jujuy\/wp-json\/wp\/v2\/comments?post=346345"}],"version-history":[{"count":1,"href":"https:\/\/notinor.com\/jujuy\/wp-json\/wp\/v2\/posts\/346345\/revisions"}],"predecessor-version":[{"id":346347,"href":"https:\/\/notinor.com\/jujuy\/wp-json\/wp\/v2\/posts\/346345\/revisions\/346347"}],"wp:featuredmedia":[{"embeddable":true,"href":"https:\/\/notinor.com\/jujuy\/wp-json\/wp\/v2\/media\/346346"}],"wp:attachment":[{"href":"https:\/\/notinor.com\/jujuy\/wp-json\/wp\/v2\/media?parent=346345"}],"wp:term":[{"taxonomy":"category","embeddable":true,"href":"https:\/\/notinor.com\/jujuy\/wp-json\/wp\/v2\/categories?post=346345"},{"taxonomy":"post_tag","embeddable":true,"href":"https:\/\/notinor.com\/jujuy\/wp-json\/wp\/v2\/tags?post=346345"}],"curies":[{"name":"wp","href":"https:\/\/api.w.org\/{rel}","templated":true}]}}