{"id":345651,"date":"2022-07-19T08:17:01","date_gmt":"2022-07-19T11:17:01","guid":{"rendered":"https:\/\/notinor.com\/jujuy\/?p=345651"},"modified":"2022-07-19T09:18:46","modified_gmt":"2022-07-19T12:18:46","slug":"choque-julio-cesar","status":"publish","type":"post","link":"https:\/\/notinor.com\/jujuy\/choque-julio-cesar\/","title":{"rendered":"CHOQUE, Julio Cesar"},"content":{"rendered":"\n<p><strong>Falleci\u00f3 el d\u00eda 17 de julio de 2022. Su madre; sus hermanos; sus t\u00edos y dem\u00e1s familiares agradecen a las personas piadosas que acompa\u00f1aron en tal dif\u00edcil momento y comunican que sus restos fueron inhumados ayer 18 de julio en el cementerio municipal de Calilegua, Jujuy. Ceremonial tanatopraxia y honras f\u00fanebres Servicios Sociales Instituto del Norte SA. calle Victoria 509 barrio Centro. Tel\u00e9fono 03886-424661 WSP-(3886-536001).<\/strong><\/p>\n","protected":false},"excerpt":{"rendered":"<p>Falleci\u00f3 el d\u00eda 17 de julio de 2022. Su madre; sus hermanos; sus t\u00edos y dem\u00e1s familiares agradecen a las personas piadosas que acompa\u00f1aron en tal dif\u00edcil momento y comunican que sus restos fueron inhumados ayer 18 de julio en el cementerio municipal de Calilegua, Jujuy. Ceremonial tanatopraxia y honras f\u00fanebres Servicios Sociales Instituto del [&hellip;]<\/p>\n","protected":false},"author":5,"featured_media":129720,"comment_status":"open","ping_status":"open","sticky":false,"template":"","format":"standard","meta":{"_stopmodifiedupdate":false,"_modified_date":"","inline_featured_image":false,"spay_email":"","jetpack_publicize_message":""},"categories":[523],"tags":[],"jetpack_featured_media_url":"https:\/\/notinor.com\/jujuy\/wp-content\/uploads\/2017\/08\/Obituarios1.jpg","jetpack_publicize_connections":[],"_links":{"self":[{"href":"https:\/\/notinor.com\/jujuy\/wp-json\/wp\/v2\/posts\/345651"}],"collection":[{"href":"https:\/\/notinor.com\/jujuy\/wp-json\/wp\/v2\/posts"}],"about":[{"href":"https:\/\/notinor.com\/jujuy\/wp-json\/wp\/v2\/types\/post"}],"author":[{"embeddable":true,"href":"https:\/\/notinor.com\/jujuy\/wp-json\/wp\/v2\/users\/5"}],"replies":[{"embeddable":true,"href":"https:\/\/notinor.com\/jujuy\/wp-json\/wp\/v2\/comments?post=345651"}],"version-history":[{"count":1,"href":"https:\/\/notinor.com\/jujuy\/wp-json\/wp\/v2\/posts\/345651\/revisions"}],"predecessor-version":[{"id":345654,"href":"https:\/\/notinor.com\/jujuy\/wp-json\/wp\/v2\/posts\/345651\/revisions\/345654"}],"wp:featuredmedia":[{"embeddable":true,"href":"https:\/\/notinor.com\/jujuy\/wp-json\/wp\/v2\/media\/129720"}],"wp:attachment":[{"href":"https:\/\/notinor.com\/jujuy\/wp-json\/wp\/v2\/media?parent=345651"}],"wp:term":[{"taxonomy":"category","embeddable":true,"href":"https:\/\/notinor.com\/jujuy\/wp-json\/wp\/v2\/categories?post=345651"},{"taxonomy":"post_tag","embeddable":true,"href":"https:\/\/notinor.com\/jujuy\/wp-json\/wp\/v2\/tags?post=345651"}],"curies":[{"name":"wp","href":"https:\/\/api.w.org\/{rel}","templated":true}]}}