{"id":345648,"date":"2022-07-19T08:14:21","date_gmt":"2022-07-19T11:14:21","guid":{"rendered":"https:\/\/notinor.com\/jujuy\/?p=345648"},"modified":"2022-07-19T09:16:30","modified_gmt":"2022-07-19T12:16:30","slug":"fernandez-braulio","status":"publish","type":"post","link":"https:\/\/notinor.com\/jujuy\/fernandez-braulio\/","title":{"rendered":"FERNANDEZ, Braulio"},"content":{"rendered":"\n<p><strong>Falleci\u00f3 el d\u00eda 17 de julio de 2022, a hs. 17:00. C.A.S.R. y B.P., a la edad de 75 a\u00f1os. Su esposa: Erlestina Mamani de Fernandez; sus hijos: Elsa, Sandra, Gustavo, Sergio, Aldo y Lorena Fernandez; sus hijos pol\u00edticos: Marta, Adela, Jorge, Carlos; su hermana: Crecencia Fernandez; sus sobrinos; sus nietos; sus bisnietos y dem\u00e1s familiares comunican que sus restos mortales fueron inhumados ayer 18 de julio en el cementerio de Yala. Servicio Previsi\u00f3n Social SRL. casa central Avda. Hip\u00f3lito Irigoyen 1250. Tel. 0388 4222492.<\/strong><\/p>\n","protected":false},"excerpt":{"rendered":"<p>Falleci\u00f3 el d\u00eda 17 de julio de 2022, a hs. 17:00. C.A.S.R. y B.P., a la edad de 75 a\u00f1os. Su esposa: Erlestina Mamani de Fernandez; sus hijos: Elsa, Sandra, Gustavo, Sergio, Aldo y Lorena Fernandez; sus hijos pol\u00edticos: Marta, Adela, Jorge, Carlos; su hermana: Crecencia Fernandez; sus sobrinos; sus nietos; sus bisnietos y dem\u00e1s [&hellip;]<\/p>\n","protected":false},"author":5,"featured_media":129720,"comment_status":"open","ping_status":"open","sticky":false,"template":"","format":"standard","meta":{"_stopmodifiedupdate":false,"_modified_date":"","inline_featured_image":false,"spay_email":"","jetpack_publicize_message":""},"categories":[523],"tags":[],"jetpack_featured_media_url":"https:\/\/notinor.com\/jujuy\/wp-content\/uploads\/2017\/08\/Obituarios1.jpg","jetpack_publicize_connections":[],"_links":{"self":[{"href":"https:\/\/notinor.com\/jujuy\/wp-json\/wp\/v2\/posts\/345648"}],"collection":[{"href":"https:\/\/notinor.com\/jujuy\/wp-json\/wp\/v2\/posts"}],"about":[{"href":"https:\/\/notinor.com\/jujuy\/wp-json\/wp\/v2\/types\/post"}],"author":[{"embeddable":true,"href":"https:\/\/notinor.com\/jujuy\/wp-json\/wp\/v2\/users\/5"}],"replies":[{"embeddable":true,"href":"https:\/\/notinor.com\/jujuy\/wp-json\/wp\/v2\/comments?post=345648"}],"version-history":[{"count":1,"href":"https:\/\/notinor.com\/jujuy\/wp-json\/wp\/v2\/posts\/345648\/revisions"}],"predecessor-version":[{"id":345650,"href":"https:\/\/notinor.com\/jujuy\/wp-json\/wp\/v2\/posts\/345648\/revisions\/345650"}],"wp:featuredmedia":[{"embeddable":true,"href":"https:\/\/notinor.com\/jujuy\/wp-json\/wp\/v2\/media\/129720"}],"wp:attachment":[{"href":"https:\/\/notinor.com\/jujuy\/wp-json\/wp\/v2\/media?parent=345648"}],"wp:term":[{"taxonomy":"category","embeddable":true,"href":"https:\/\/notinor.com\/jujuy\/wp-json\/wp\/v2\/categories?post=345648"},{"taxonomy":"post_tag","embeddable":true,"href":"https:\/\/notinor.com\/jujuy\/wp-json\/wp\/v2\/tags?post=345648"}],"curies":[{"name":"wp","href":"https:\/\/api.w.org\/{rel}","templated":true}]}}