{"id":345644,"date":"2022-07-19T08:11:57","date_gmt":"2022-07-19T11:11:57","guid":{"rendered":"https:\/\/notinor.com\/jujuy\/?p=345644"},"modified":"2022-07-19T09:14:06","modified_gmt":"2022-07-19T12:14:06","slug":"bernal-graciela-beatriz","status":"publish","type":"post","link":"https:\/\/notinor.com\/jujuy\/bernal-graciela-beatriz\/","title":{"rendered":"BERNAL, Graciela Beatriz"},"content":{"rendered":"\n<p><strong>Falleci\u00f3 el d\u00eda 17 de julio de 2022, a hs. 08:00. C.A.S.R. y B.P., a la edad de 60 a\u00f1os. Sus hijas: Vanesa Liliana y Carla Melisa; sus nietos; sus hermanos; sus hermanos pol\u00edticos; sus sobrinos y dem\u00e1s familiares participan con profundo dolor su fallecimiento y comunican que sus restos fueron trasladados a la ciudad de Salta ayer 18 de julio. FAE. Casa de duelo salas Arenales de empresa La Piedad sita en Arenales 1145. Servicio empresa La Piedad SA. Salta 727 San Salvador de Jujuy, Jujuy. Tel. 0388-4222487. L\u00ednea gratuita 0800-444-5274.<\/strong><\/p>\n","protected":false},"excerpt":{"rendered":"<p>Falleci\u00f3 el d\u00eda 17 de julio de 2022, a hs. 08:00. C.A.S.R. y B.P., a la edad de 60 a\u00f1os. Sus hijas: Vanesa Liliana y Carla Melisa; sus nietos; sus hermanos; sus hermanos pol\u00edticos; sus sobrinos y dem\u00e1s familiares participan con profundo dolor su fallecimiento y comunican que sus restos fueron trasladados a la ciudad [&hellip;]<\/p>\n","protected":false},"author":5,"featured_media":129720,"comment_status":"open","ping_status":"open","sticky":false,"template":"","format":"standard","meta":{"_stopmodifiedupdate":false,"_modified_date":"","inline_featured_image":false,"spay_email":"","jetpack_publicize_message":""},"categories":[523],"tags":[],"jetpack_featured_media_url":"https:\/\/notinor.com\/jujuy\/wp-content\/uploads\/2017\/08\/Obituarios1.jpg","jetpack_publicize_connections":[],"_links":{"self":[{"href":"https:\/\/notinor.com\/jujuy\/wp-json\/wp\/v2\/posts\/345644"}],"collection":[{"href":"https:\/\/notinor.com\/jujuy\/wp-json\/wp\/v2\/posts"}],"about":[{"href":"https:\/\/notinor.com\/jujuy\/wp-json\/wp\/v2\/types\/post"}],"author":[{"embeddable":true,"href":"https:\/\/notinor.com\/jujuy\/wp-json\/wp\/v2\/users\/5"}],"replies":[{"embeddable":true,"href":"https:\/\/notinor.com\/jujuy\/wp-json\/wp\/v2\/comments?post=345644"}],"version-history":[{"count":1,"href":"https:\/\/notinor.com\/jujuy\/wp-json\/wp\/v2\/posts\/345644\/revisions"}],"predecessor-version":[{"id":345647,"href":"https:\/\/notinor.com\/jujuy\/wp-json\/wp\/v2\/posts\/345644\/revisions\/345647"}],"wp:featuredmedia":[{"embeddable":true,"href":"https:\/\/notinor.com\/jujuy\/wp-json\/wp\/v2\/media\/129720"}],"wp:attachment":[{"href":"https:\/\/notinor.com\/jujuy\/wp-json\/wp\/v2\/media?parent=345644"}],"wp:term":[{"taxonomy":"category","embeddable":true,"href":"https:\/\/notinor.com\/jujuy\/wp-json\/wp\/v2\/categories?post=345644"},{"taxonomy":"post_tag","embeddable":true,"href":"https:\/\/notinor.com\/jujuy\/wp-json\/wp\/v2\/tags?post=345644"}],"curies":[{"name":"wp","href":"https:\/\/api.w.org\/{rel}","templated":true}]}}