{"id":345614,"date":"2022-07-19T08:10:01","date_gmt":"2022-07-19T11:10:01","guid":{"rendered":"https:\/\/notinor.com\/jujuy\/?p=345614"},"modified":"2022-07-19T08:16:50","modified_gmt":"2022-07-19T11:16:50","slug":"a-cuanto-cotiza-el-dolar-blue-hoy-martes-19-de-julio","status":"publish","type":"post","link":"https:\/\/notinor.com\/jujuy\/a-cuanto-cotiza-el-dolar-blue-hoy-martes-19-de-julio\/","title":{"rendered":"A cu\u00e1nto cotiza el d\u00f3lar blue hoy martes 19 de julio"},"content":{"rendered":"\n<p class=\"has-medium-font-size\"><strong><em>El d\u00f3lar blue hoy martes 19 de julio cotiza a $ 286 para la compra y $ 291 para la venta. Hay fuerte expectativa en los mercados sobre a cu\u00e1nto va a cotizar el d\u00f3lar paralelo esta semana.<\/em><\/strong><\/p>\n\n\n\n<div class=\"wp-block-image\"><figure class=\"aligncenter size-large is-resized\"><img decoding=\"async\" loading=\"lazy\" src=\"https:\/\/notinor.com\/jujuy\/wp-content\/uploads\/2022\/07\/Dise\u00f1o-sin-t\u00edtulo-1-14.jpg\" alt=\"\" class=\"wp-image-345615\" width=\"735\" height=\"368\" srcset=\"https:\/\/notinor.com\/jujuy\/wp-content\/uploads\/2022\/07\/Dise\u00f1o-sin-t\u00edtulo-1-14.jpg 600w, https:\/\/notinor.com\/jujuy\/wp-content\/uploads\/2022\/07\/Dise\u00f1o-sin-t\u00edtulo-1-14-360x180.jpg 360w\" sizes=\"(max-width: 735px) 100vw, 735px\" \/><\/figure><\/div>\n\n\n\n<p>Este lunes, el presidente Alberto Fern\u00e1ndez critic\u00f3 a \"los que compran d\u00f3lares para viajar\", lo que provoc\u00f3 una ola de rumores de nuevos cepos al d\u00f3lar financiero, que empez\u00f3 la semana con una cotizaci\u00f3n r\u00e9cord.<\/p>\n\n\n\n<p><strong>El d\u00f3lar paralelo tiene una brecha a 126% respecto al tipo de cambio oficial mayorista y 114% en relaci\u00f3n al promedio del minorista. La cotizaci\u00f3n informal se mantiene cerca del m\u00e1ximo hist\u00f3rico que alcanz\u00f3 el viernes pasado.<\/strong><\/p>\n\n\n\n<p>En tanto, los d\u00f3lares financieros siguen en cifras elevadas.<strong> El contado con liquidaci\u00f3n (CCL), mediante el GD30, est\u00e1 en $ 304,23. El d\u00f3lar MEP, a trav\u00e9s del bono AL30, est\u00e1 $ 292,46. Y el d\u00f3lar turista est\u00e1 $ 236,69.<\/strong><\/p>\n","protected":false},"excerpt":{"rendered":"<p>El d\u00f3lar blue hoy martes 19 de julio cotiza a $ 286 para la compra y $ 291 para la venta. Hay fuerte expectativa en los mercados sobre a cu\u00e1nto va a cotizar el d\u00f3lar paralelo esta semana. Este lunes, el presidente Alberto Fern\u00e1ndez critic\u00f3 a \"los que compran d\u00f3lares para viajar\", lo que provoc\u00f3 [&hellip;]<\/p>\n","protected":false},"author":40,"featured_media":345615,"comment_status":"open","ping_status":"open","sticky":false,"template":"","format":"standard","meta":{"_stopmodifiedupdate":false,"_modified_date":"","inline_featured_image":false,"spay_email":"","jetpack_publicize_message":""},"categories":[676],"tags":[],"jetpack_featured_media_url":"https:\/\/notinor.com\/jujuy\/wp-content\/uploads\/2022\/07\/Dise\u00f1o-sin-t\u00edtulo-1-14.jpg","jetpack_publicize_connections":[],"_links":{"self":[{"href":"https:\/\/notinor.com\/jujuy\/wp-json\/wp\/v2\/posts\/345614"}],"collection":[{"href":"https:\/\/notinor.com\/jujuy\/wp-json\/wp\/v2\/posts"}],"about":[{"href":"https:\/\/notinor.com\/jujuy\/wp-json\/wp\/v2\/types\/post"}],"author":[{"embeddable":true,"href":"https:\/\/notinor.com\/jujuy\/wp-json\/wp\/v2\/users\/40"}],"replies":[{"embeddable":true,"href":"https:\/\/notinor.com\/jujuy\/wp-json\/wp\/v2\/comments?post=345614"}],"version-history":[{"count":3,"href":"https:\/\/notinor.com\/jujuy\/wp-json\/wp\/v2\/posts\/345614\/revisions"}],"predecessor-version":[{"id":345618,"href":"https:\/\/notinor.com\/jujuy\/wp-json\/wp\/v2\/posts\/345614\/revisions\/345618"}],"wp:featuredmedia":[{"embeddable":true,"href":"https:\/\/notinor.com\/jujuy\/wp-json\/wp\/v2\/media\/345615"}],"wp:attachment":[{"href":"https:\/\/notinor.com\/jujuy\/wp-json\/wp\/v2\/media?parent=345614"}],"wp:term":[{"taxonomy":"category","embeddable":true,"href":"https:\/\/notinor.com\/jujuy\/wp-json\/wp\/v2\/categories?post=345614"},{"taxonomy":"post_tag","embeddable":true,"href":"https:\/\/notinor.com\/jujuy\/wp-json\/wp\/v2\/tags?post=345614"}],"curies":[{"name":"wp","href":"https:\/\/api.w.org\/{rel}","templated":true}]}}