{"id":345611,"date":"2022-07-19T07:00:00","date_gmt":"2022-07-19T10:00:00","guid":{"rendered":"https:\/\/notinor.com\/jujuy\/?p=345611"},"modified":"2022-07-19T07:53:47","modified_gmt":"2022-07-19T10:53:47","slug":"ascendieron-a-mas-de-2-mil-integrantes-de-la-policia-en-jujuy","status":"publish","type":"post","link":"https:\/\/notinor.com\/jujuy\/ascendieron-a-mas-de-2-mil-integrantes-de-la-policia-en-jujuy\/","title":{"rendered":"Ascendieron a m\u00e1s de 2 mil integrantes de la Polic\u00eda en Jujuy"},"content":{"rendered":"\n<p class=\"has-medium-font-size\"><strong><em>En las instalaciones de la Central de Polic\u00eda, se realiz\u00f3 el acto de ascenso al grado inmediato superior de 2139 efectivos policiales que gracias al Decreto N\u00b0 5729 emitido por el Poder Ejecutivo Provincial. El ministro de Seguridad Luis Martin agradeci\u00f3 al Gobernador Morales la decisi\u00f3n pol\u00edtica de promover a los hombres y mujeres de la instituci\u00f3n policial en virtud del trabajo, esfuerzo y dedicaci\u00f3n demostrados.<\/em><\/strong><\/p>\n\n\n\n<div class=\"wp-block-image\"><figure class=\"aligncenter size-large is-resized\"><img decoding=\"async\" loading=\"lazy\" src=\"https:\/\/notinor.com\/jujuy\/wp-content\/uploads\/2022\/07\/Dise\u00f1o-sin-t\u00edtulo-29.jpg\" alt=\"\" class=\"wp-image-345612\" width=\"689\" height=\"345\" srcset=\"https:\/\/notinor.com\/jujuy\/wp-content\/uploads\/2022\/07\/Dise\u00f1o-sin-t\u00edtulo-29.jpg 600w, https:\/\/notinor.com\/jujuy\/wp-content\/uploads\/2022\/07\/Dise\u00f1o-sin-t\u00edtulo-29-360x180.jpg 360w\" sizes=\"(max-width: 689px) 100vw, 689px\" \/><\/figure><\/div>\n\n\n\n<p>El Vicegobernador Carlos Haquim expres\u00f3 que fue un acto muy especial, no solo por lo emotivo, sino tambi\u00e9n por la importancia y la magnitud que tiene el mismo, donde a trav\u00e9s de un decreto firmado por el Gobernador Morales se determin\u00f3 el\u00a0<a href=\"https:\/\/prensa.jujuy.gob.ar\/ascenso-a8988\">ascenso<\/a>\u00a0de m\u00e1s de 2139 agentes, oficiales, y suboficiales de la instituci\u00f3n.<\/p>\n\n\n\n<p><strong>Haquim ponder\u00f3 que con este procedimiento se normaliza una situaci\u00f3n que ven\u00eda de un tiempo atr\u00e1s, y que en la jornada se dio la respuesta que se merece la Polic\u00eda de la Provincia.<\/strong><\/p>\n\n\n\n<p>Adem\u00e1s, sostuvo que la Polic\u00eda \u201ces una instituci\u00f3n con la que convivimos todos los d\u00edas, que acompa\u00f1a con su servicio de forma permanente a la comunidad hasta en el lugar m\u00e1s alejado de la provincia, muchas veces con las circunstancias o problemas que nos rodean, con una situaci\u00f3n social muchas veces conflictiva\u201d.<\/p>\n\n\n\n<p>\u201cHoy, por su servicio, por su actuaci\u00f3n, estos hombres y mujeres, merecen este ascenso que les permite tener una nueva jerarqu\u00eda y asumir las nuevas responsabilidades que conllevan la nueva funci\u00f3n\u201d, resalt\u00f3 Haquim.<\/p>\n\n\n\n<figure class=\"wp-block-image\"><img decoding=\"async\" src=\"https:\/\/media.prensa.jujuy.gob.ar\/p\/1d9433d6cdffcd39b0fb656eb94be3fd\/adjuntos\/301\/imagenes\/000\/344\/0000344464\/policia-ascenso-2022.jpg\" alt=\"Ascienden a 2139 efectivos policiales al grado inmediato superior\"\/><\/figure>\n\n\n\n<p><strong>Por \u00faltimo, puso de relieve el apoyo constante de las familias de las personas que integran la fuerza policial.<\/strong><\/p>\n\n\n\n<p>En tanto, <strong>el Ministro de Seguridad, Luis Martin,<\/strong> destac\u00f3 el m\u00e9rito personal de cada efectivo que fue promovido al grado inmediato superior, y que \u00e9stos deben disfrutar de esta nueva jerarqu\u00eda con honor y orgullo porque dieron todo de s\u00ed a la instituci\u00f3n policial.<\/p>\n\n\n\n<p>Afirm\u00f3 que muchos de ellos lo van a seguir haciendo en cada uno de sus destinos, para que se siga enalteciendo el prestigio de la instituci\u00f3n policial.<\/p>\n\n\n\n<p>Martin se mostr\u00f3 muy agradecido con el Gobernador Morales, que en tiempo y en forma decret\u00f3 estos ascensos como no se produc\u00eda hace tiempo. Adem\u00e1s, sostuvo que se trabajar\u00e1 fuerte para mantener el orden y la paz en toda la provincia.<\/p>\n\n\n\n<p><strong>El titular de la cartera de Seguridad puso \u00e9nfasis en que en Jujuy hay una polic\u00eda proactiva, una polic\u00eda que trabaja en la prevenci\u00f3n de los delitos, una polic\u00eda que est\u00e1 al lado de la gente, de la sociedad.<\/strong><\/p>\n\n\n\n<div class=\"wp-block-image\"><figure class=\"aligncenter\"><img decoding=\"async\" src=\"https:\/\/media.prensa.jujuy.gob.ar\/p\/464e30e9b5536097ce13c6278bb82174\/adjuntos\/301\/imagenes\/000\/344\/0000344419\/policia-ascenso-2022.jpg\" alt=\"Ascienden a 2139 efectivos policiales al grado inmediato superior\"\/><\/figure><\/div>\n\n\n\n<p><strong>Por su parte, el Jefe de la Polic\u00eda, Comisario General H\u00e9ctor Herbas Mej\u00edas, puso de relieve que este es un d\u00eda especial, es un acto de ascenso para m\u00e1s de 2139 efectivos policiales en toda la provincia que ascienden al grado superior inmediato.<\/strong><\/p>\n\n\n\n<p>\u201cEs un orgullo que hayan ascendido cuatro oficiales superiores mujeres al grado de Comisario General, la escala m\u00e1s alta dentro de la instituci\u00f3n\u201d, ponder\u00f3 el Jefe de la Polic\u00eda.<\/p>\n\n\n\n<p><strong>Finalmente, Herbas Mej\u00edas destac\u00f3 que la mujer fue ocupando en los \u00faltimos a\u00f1os cargos de gran importancia dentro de la estructura de la organizaci\u00f3n de la fuerza.<\/strong><\/p>\n\n\n\n<div class=\"wp-block-image\"><figure class=\"aligncenter\"><img decoding=\"async\" src=\"https:\/\/media.prensa.jujuy.gob.ar\/p\/e3685c3f9a2c0f4b5a40bcaedc108745\/adjuntos\/301\/imagenes\/000\/344\/0000344434\/policia-ascenso-2022.jpg\" alt=\"Ascienden a 2139 efectivos policiales al grado inmediato superior\"\/><\/figure><\/div>\n\n\n\n<p>Adem\u00e1s de los mencionados estuvieron presentes la Coordinadora General del Ministerio de Seguridad, Cecilia Barbesini; el coordinador en Gesti\u00f3n de las Fuerzas de Seguridad, Julio Bonvini; los Secretarios de Seguridad Vial, Alejandro Marenco; de Relaciones con la Comunidad; Diego Suarez; de Seguridad P\u00fablica, Hugo Sosa; de Delitos Complejos, Ernesto Albin; y el Subjefe de la Polic\u00eda de Jujuy, Comisario General Sergio Carrizo.<\/p>\n\n\n\n<p><strong>Tambi\u00e9n participaron la Rectora del Instituto Universitario de Seguridad P\u00fablica, Carolina Calv\u00f3; el Capell\u00e1n Policial; H\u00e9ctor Achura; autoridades del poder ejecutivo, legisladores provinciales; el Intendente de Fraile Pintado, Iv\u00e1n Poncio; invitados especiales y familiares.<\/strong><\/p>\n","protected":false},"excerpt":{"rendered":"<p>En las instalaciones de la Central de Polic\u00eda, se realiz\u00f3 el acto de ascenso al grado inmediato superior de 2139 efectivos policiales que gracias al Decreto N\u00b0 5729 emitido por el Poder Ejecutivo Provincial. El ministro de Seguridad Luis Martin agradeci\u00f3 al Gobernador Morales la decisi\u00f3n pol\u00edtica de promover a los hombres y mujeres de [&hellip;]<\/p>\n","protected":false},"author":40,"featured_media":345612,"comment_status":"open","ping_status":"open","sticky":false,"template":"","format":"standard","meta":{"_stopmodifiedupdate":false,"_modified_date":"","inline_featured_image":false,"spay_email":"","jetpack_publicize_message":""},"categories":[514],"tags":[],"jetpack_featured_media_url":"https:\/\/notinor.com\/jujuy\/wp-content\/uploads\/2022\/07\/Dise\u00f1o-sin-t\u00edtulo-29.jpg","jetpack_publicize_connections":[],"_links":{"self":[{"href":"https:\/\/notinor.com\/jujuy\/wp-json\/wp\/v2\/posts\/345611"}],"collection":[{"href":"https:\/\/notinor.com\/jujuy\/wp-json\/wp\/v2\/posts"}],"about":[{"href":"https:\/\/notinor.com\/jujuy\/wp-json\/wp\/v2\/types\/post"}],"author":[{"embeddable":true,"href":"https:\/\/notinor.com\/jujuy\/wp-json\/wp\/v2\/users\/40"}],"replies":[{"embeddable":true,"href":"https:\/\/notinor.com\/jujuy\/wp-json\/wp\/v2\/comments?post=345611"}],"version-history":[{"count":1,"href":"https:\/\/notinor.com\/jujuy\/wp-json\/wp\/v2\/posts\/345611\/revisions"}],"predecessor-version":[{"id":345613,"href":"https:\/\/notinor.com\/jujuy\/wp-json\/wp\/v2\/posts\/345611\/revisions\/345613"}],"wp:featuredmedia":[{"embeddable":true,"href":"https:\/\/notinor.com\/jujuy\/wp-json\/wp\/v2\/media\/345612"}],"wp:attachment":[{"href":"https:\/\/notinor.com\/jujuy\/wp-json\/wp\/v2\/media?parent=345611"}],"wp:term":[{"taxonomy":"category","embeddable":true,"href":"https:\/\/notinor.com\/jujuy\/wp-json\/wp\/v2\/categories?post=345611"},{"taxonomy":"post_tag","embeddable":true,"href":"https:\/\/notinor.com\/jujuy\/wp-json\/wp\/v2\/tags?post=345611"}],"curies":[{"name":"wp","href":"https:\/\/api.w.org\/{rel}","templated":true}]}}