{"id":345171,"date":"2022-07-15T11:08:06","date_gmt":"2022-07-15T14:08:06","guid":{"rendered":"https:\/\/notinor.com\/jujuy\/?p=345171"},"modified":"2022-07-15T11:08:11","modified_gmt":"2022-07-15T14:08:11","slug":"la-escribi-en-medio-de-un-ataque-la-china-suarez-presento-su-cancion-inspirada-en-el-wandagate","status":"publish","type":"post","link":"https:\/\/notinor.com\/jujuy\/la-escribi-en-medio-de-un-ataque-la-china-suarez-presento-su-cancion-inspirada-en-el-wandagate\/","title":{"rendered":"\u201cLa escrib\u00ed en medio de un ataque\u201d: la China Su\u00e1rez present\u00f3 su canci\u00f3n inspirada en el Wandagate"},"content":{"rendered":"\n<p>Se trata de \u201cLo que dicen de m\u00ed\u201d, un tema donde critica c\u00f3mo la trataron los medios. Su lanzamiento fue muy comentado en las redes y no faltaron memes.<\/p>\n\n\n\n<figure class=\"wp-block-image size-large is-resized\"><img decoding=\"async\" loading=\"lazy\" src=\"https:\/\/notinor.com\/jujuy\/wp-content\/uploads\/2022\/07\/YI54UK2IBRDYNFXZQQ2HQ5GD5I-720x480.jpg\" alt=\"\" class=\"wp-image-345175\" width=\"922\" height=\"615\" srcset=\"https:\/\/notinor.com\/jujuy\/wp-content\/uploads\/2022\/07\/YI54UK2IBRDYNFXZQQ2HQ5GD5I-720x480.jpg 720w, https:\/\/notinor.com\/jujuy\/wp-content\/uploads\/2022\/07\/YI54UK2IBRDYNFXZQQ2HQ5GD5I-548x365.jpg 548w, https:\/\/notinor.com\/jujuy\/wp-content\/uploads\/2022\/07\/YI54UK2IBRDYNFXZQQ2HQ5GD5I-768x512.jpg 768w, https:\/\/notinor.com\/jujuy\/wp-content\/uploads\/2022\/07\/YI54UK2IBRDYNFXZQQ2HQ5GD5I-750x500.jpg 750w, https:\/\/notinor.com\/jujuy\/wp-content\/uploads\/2022\/07\/YI54UK2IBRDYNFXZQQ2HQ5GD5I.jpg 1023w\" sizes=\"(max-width: 922px) 100vw, 922px\" \/><\/figure>\n\n\n\n<p>Este jueves, Eugenia<strong> la China Su\u00e1rez <\/strong>cumpli\u00f3 con lo que hab\u00eda anunciado y estren\u00f3 su segundo corte musical: \u201cLo que dicen de m\u00ed\u201d. Previo al lanzamiento del videoclip, la artista grab\u00f3 una suerte de introducci\u00f3n a la canci\u00f3n y precis\u00f3: <strong>\u201cLa escrib\u00ed en medio de un ataque, estaba en un muy mal d\u00eda porque no s\u00e9 qu\u00e9 estaban diciendo, no me acuerdo, estaba triste y ah\u00ed nace esta canci\u00f3n\u201d.<\/strong><\/p>\n\n\n\n<p>\u201cEn otro momento ni siquiera hubiera hablado de esto, lo ten\u00eda muy tapado, muy oculto, no quer\u00eda iluminar el problema\u201d, admiti\u00f3. Y se\u00f1al\u00f3 que<strong>\u00a0aunque muchos piensen que las cosas no le afectan es \u201cmuy vulnerable\u201d como cualquier persona.<\/strong><\/p>\n\n\n\n<p>\u201cA veces me cuesta entender la maldad o el ensa\u00f1amiento o la gente que est\u00e1 muy preocupada por lo que hace el otro con su vida.&nbsp;<strong>Con que una o dos personas se identifiquen con la canci\u00f3n ya estoy muy tranquila<\/strong>\u201d, cerr\u00f3.<\/p>\n\n\n\n<h2>\u201cLo que dicen de m\u00ed\u201d, la canci\u00f3n de la China Su\u00e1rez inspirada en el Wandagate<\/h2>\n\n\n\n<p>Semanas atr\u00e1s, mientras la China Su\u00e1rez disfrutaba de sus vacaciones con Rusherking, en LAM (Am\u00e9rica) filtraron el tema. Lo que llam\u00f3 la atenci\u00f3n de todos en el estudio fue las notables referencias a su escandaloso affaire con Mauro Icardi y a su relaci\u00f3n con la prensa en medio de la pol\u00e9mica.<\/p>\n\n\n\n<p>Tal como se vio en el adelanto, en el videoclip se la ve ingresar&nbsp;<strong>a una sala repleta de periodistas y fot\u00f3grafos.&nbsp;<\/strong>Ambientado en blanco y negro, ella<strong>&nbsp;se para detr\u00e1s de un atril como dispuesta a brindar una conferencia de prensa.<\/strong><\/p>\n\n\n\n<figure class=\"wp-block-image\"><img decoding=\"async\" src=\"https:\/\/tn.com.ar\/resizer\/NCl_M84S8Gm8iy0H2qHtt5UlVe4=\/767x0\/smart\/cloudfront-us-east-1.images.arcpublishing.com\/artear\/SWBPV3PSLFFMJANBYGVTDSY7WY.PNG\" alt=\"La China mostr\u00f3 un adelanto de su segundo videoclip (Foto: Captura Instagram\/ sangrejaponesa)\"\/><figcaption>La China mostr\u00f3 un adelanto de su segundo videoclip (Foto: Captura Instagram\/ sangrejaponesa)<\/figcaption><\/figure>\n\n\n\n<p>\u201cLo m\u00edo es cosa m\u00eda, lo tuyo es fantas\u00eda, a veces no s\u00e9 qu\u00e9 hacer cuando&nbsp;<strong>se quieren meter hasta en mi cama vac\u00eda<\/strong>.&nbsp;<strong>Me llama mi familia, leyeron las noticias,<\/strong>&nbsp;no saben m\u00e1s que decir, atr\u00e1s de un falso perfil, se esconden todos los d\u00edas, me llenan de espinas... A veces quiero escapar para olvidarme de todo\u201d, canta Su\u00e1rez.<\/p>\n\n\n\n<p>\u201cDuele que no piensen que detr\u00e1s de esto alguien se desangra en el suelo<strong>. Duele que me peguen mucho m\u00e1s que a ellos.&nbsp;<\/strong>Algo se desarma en el suelo. Ya me emborrach\u00e9 cada d\u00eda de esta primavera, ya me fui, ya volv\u00ed, ya perd\u00ed, nada es lo que era. Y por eso estoy ac\u00e1, es mi \u00fanica manera, la verdadera.&nbsp;<strong>Y ya que quieren hablar, \u00bfpor qu\u00e9 no hablamos de todos? Todo lo que dicen de m\u00ed, lo m\u00edo es cosa m\u00eda, lo tuyo es fantas\u00eda\u201d<\/strong>, cierra el tema.<\/p>\n\n\n\n<h2>La China Su\u00e1rez lanz\u00f3 su segundo corte discogr\u00e1fico: cu\u00e1l fue la repercusi\u00f3n en redes<\/h2>\n\n\n\n<p>Tras este lanzamiento,<strong>&nbsp;la China Su\u00e1rez se volvi\u00f3 tendencia en Twitter y dividi\u00f3 las aguas. \u201cLa nueva canci\u00f3n de la China Su\u00e1rez, s\u00ed mi reina\u201d<\/strong>,<strong>&nbsp;\u201c<\/strong>Me encanta su nueva canci\u00f3n y percibo que me va a gustar mucho su carrera musical. Vamos reina gitana\u201d, \u201cBanco mucho a la China, pero la canci\u00f3n es mal\u00edsima, yo hubiese hecho cadena nacional contando con lujo de detalles todo, e insultando a todo LAM. Que se pudra, \u2018colta\u2019\u201d, fueron algunos de los comentarios.<\/p>\n\n\n\n<figure class=\"wp-block-image is-resized\"><img decoding=\"async\" loading=\"lazy\" src=\"https:\/\/tn.com.ar\/resizer\/vlqlBJX8GN3oUc5UKYPCB_GP9iU=\/767x0\/smart\/cloudfront-us-east-1.images.arcpublishing.com\/artear\/QPM5TDX7DFFEPJVIZCGOA6EILA.jpg\" alt=\"La redes estallaron con el tema de la China Su\u00e1rez. (Fotos: Capturas)\" width=\"934\" height=\"868\"\/><\/figure>\n","protected":false},"excerpt":{"rendered":"<p>Se trata de \u201cLo que dicen de m\u00ed\u201d, un tema donde critica c\u00f3mo la trataron los medios. Su lanzamiento fue muy comentado en las redes y no faltaron memes. Este jueves, Eugenia la China Su\u00e1rez cumpli\u00f3 con lo que hab\u00eda anunciado y estren\u00f3 su segundo corte musical: \u201cLo que dicen de m\u00ed\u201d. Previo al lanzamiento [&hellip;]<\/p>\n","protected":false},"author":40,"featured_media":345175,"comment_status":"open","ping_status":"open","sticky":false,"template":"","format":"standard","meta":{"_stopmodifiedupdate":false,"_modified_date":"","inline_featured_image":false,"spay_email":"","jetpack_publicize_message":""},"categories":[21],"tags":[],"jetpack_featured_media_url":"https:\/\/notinor.com\/jujuy\/wp-content\/uploads\/2022\/07\/YI54UK2IBRDYNFXZQQ2HQ5GD5I.jpg","jetpack_publicize_connections":[],"_links":{"self":[{"href":"https:\/\/notinor.com\/jujuy\/wp-json\/wp\/v2\/posts\/345171"}],"collection":[{"href":"https:\/\/notinor.com\/jujuy\/wp-json\/wp\/v2\/posts"}],"about":[{"href":"https:\/\/notinor.com\/jujuy\/wp-json\/wp\/v2\/types\/post"}],"author":[{"embeddable":true,"href":"https:\/\/notinor.com\/jujuy\/wp-json\/wp\/v2\/users\/40"}],"replies":[{"embeddable":true,"href":"https:\/\/notinor.com\/jujuy\/wp-json\/wp\/v2\/comments?post=345171"}],"version-history":[{"count":1,"href":"https:\/\/notinor.com\/jujuy\/wp-json\/wp\/v2\/posts\/345171\/revisions"}],"predecessor-version":[{"id":345177,"href":"https:\/\/notinor.com\/jujuy\/wp-json\/wp\/v2\/posts\/345171\/revisions\/345177"}],"wp:featuredmedia":[{"embeddable":true,"href":"https:\/\/notinor.com\/jujuy\/wp-json\/wp\/v2\/media\/345175"}],"wp:attachment":[{"href":"https:\/\/notinor.com\/jujuy\/wp-json\/wp\/v2\/media?parent=345171"}],"wp:term":[{"taxonomy":"category","embeddable":true,"href":"https:\/\/notinor.com\/jujuy\/wp-json\/wp\/v2\/categories?post=345171"},{"taxonomy":"post_tag","embeddable":true,"href":"https:\/\/notinor.com\/jujuy\/wp-json\/wp\/v2\/tags?post=345171"}],"curies":[{"name":"wp","href":"https:\/\/api.w.org\/{rel}","templated":true}]}}