{"id":345161,"date":"2022-07-15T10:47:40","date_gmt":"2022-07-15T13:47:40","guid":{"rendered":"https:\/\/notinor.com\/jujuy\/?p=345161"},"modified":"2022-07-15T11:16:47","modified_gmt":"2022-07-15T14:16:47","slug":"alerta-amarilla-en-jujuy-por-viento-norte-2","status":"publish","type":"post","link":"https:\/\/notinor.com\/jujuy\/alerta-amarilla-en-jujuy-por-viento-norte-2\/","title":{"rendered":"Alerta amarilla en Jujuy por viento norte"},"content":{"rendered":"\n<p><strong><em>El Servicio Meteorol\u00f3gico Nacional emiti\u00f3 una nueva alerta por fuertes corrientes ventosas y la misma rige para las cuatro regiones.\u00a0<\/em><\/strong><\/p>\n\n\n\n<div class=\"wp-block-image\"><figure class=\"aligncenter size-large is-resized\"><img decoding=\"async\" loading=\"lazy\" src=\"https:\/\/notinor.com\/jujuy\/wp-content\/uploads\/2022\/07\/Dise\u00f1o-sin-t\u00edtulo-3-10.jpg\" alt=\"\" class=\"wp-image-345167\" width=\"737\" height=\"369\" srcset=\"https:\/\/notinor.com\/jujuy\/wp-content\/uploads\/2022\/07\/Dise\u00f1o-sin-t\u00edtulo-3-10.jpg 600w, https:\/\/notinor.com\/jujuy\/wp-content\/uploads\/2022\/07\/Dise\u00f1o-sin-t\u00edtulo-3-10-360x180.jpg 360w\" sizes=\"(max-width: 737px) 100vw, 737px\" \/><\/figure><\/div>\n\n\n\n<p>Seg\u00fan pronostica el <strong>organismo<\/strong> que monitorea el clima en el pa\u00eds, Jujuy podr\u00eda sufrir vientos con velocidades que oscilar\u00e1n entre los 65 y los 80 kil\u00f3metros por hora,<strong> pero anticip\u00f3 que habr\u00eda r\u00e1fagas que pueden superar los 130 kil\u00f3metros.<\/strong><\/p>\n\n\n\n<figure class=\"wp-block-image\"><img decoding=\"async\" src=\"https:\/\/media.jujuyalmomento.com\/p\/d6bed022b2a520b1872c582b151ee32b\/adjuntos\/260\/imagenes\/002\/111\/0002111569\/1200x0\/smart\/smn1png.png\" alt=\"\"\/><\/figure>\n\n\n\n<p><strong>En algunos sectores rige para la ma\u00f1ana de este viernes, mientras que en la gran mayor\u00eda para la tarde de la misma jornada.<\/strong><\/p>\n\n\n\n<p><strong>EL PRON\u00d3STICO PARA ESTE VIERNES<\/strong><\/p>\n\n\n\n<p>Para hoy se espera una temperatura m\u00e1xima de 21 grados en San Salvador, y una m\u00ednima de 6 grados. El cielo permanecer\u00e1 nublado durante el d\u00eda y hacia la noche se espera la presencia de algunas nubes.<\/p>\n\n\n\n<p><strong>Se espera una jornada ventosa con r\u00e1fagas provenientes del norte y el oeste.<\/strong><\/p>\n","protected":false},"excerpt":{"rendered":"<p>El Servicio Meteorol\u00f3gico Nacional emiti\u00f3 una nueva alerta por fuertes corrientes ventosas y la misma rige para las cuatro regiones.\u00a0 Seg\u00fan pronostica el organismo que monitorea el clima en el pa\u00eds, Jujuy podr\u00eda sufrir vientos con velocidades que oscilar\u00e1n entre los 65 y los 80 kil\u00f3metros por hora, pero anticip\u00f3 que habr\u00eda r\u00e1fagas que pueden [&hellip;]<\/p>\n","protected":false},"author":40,"featured_media":345167,"comment_status":"open","ping_status":"open","sticky":false,"template":"","format":"standard","meta":{"_stopmodifiedupdate":false,"_modified_date":"","inline_featured_image":false,"spay_email":"","jetpack_publicize_message":""},"categories":[2],"tags":[],"jetpack_featured_media_url":"https:\/\/notinor.com\/jujuy\/wp-content\/uploads\/2022\/07\/Dise\u00f1o-sin-t\u00edtulo-3-10.jpg","jetpack_publicize_connections":[],"_links":{"self":[{"href":"https:\/\/notinor.com\/jujuy\/wp-json\/wp\/v2\/posts\/345161"}],"collection":[{"href":"https:\/\/notinor.com\/jujuy\/wp-json\/wp\/v2\/posts"}],"about":[{"href":"https:\/\/notinor.com\/jujuy\/wp-json\/wp\/v2\/types\/post"}],"author":[{"embeddable":true,"href":"https:\/\/notinor.com\/jujuy\/wp-json\/wp\/v2\/users\/40"}],"replies":[{"embeddable":true,"href":"https:\/\/notinor.com\/jujuy\/wp-json\/wp\/v2\/comments?post=345161"}],"version-history":[{"count":1,"href":"https:\/\/notinor.com\/jujuy\/wp-json\/wp\/v2\/posts\/345161\/revisions"}],"predecessor-version":[{"id":345168,"href":"https:\/\/notinor.com\/jujuy\/wp-json\/wp\/v2\/posts\/345161\/revisions\/345168"}],"wp:featuredmedia":[{"embeddable":true,"href":"https:\/\/notinor.com\/jujuy\/wp-json\/wp\/v2\/media\/345167"}],"wp:attachment":[{"href":"https:\/\/notinor.com\/jujuy\/wp-json\/wp\/v2\/media?parent=345161"}],"wp:term":[{"taxonomy":"category","embeddable":true,"href":"https:\/\/notinor.com\/jujuy\/wp-json\/wp\/v2\/categories?post=345161"},{"taxonomy":"post_tag","embeddable":true,"href":"https:\/\/notinor.com\/jujuy\/wp-json\/wp\/v2\/tags?post=345161"}],"curies":[{"name":"wp","href":"https:\/\/api.w.org\/{rel}","templated":true}]}}