{"id":345155,"date":"2022-07-15T10:34:29","date_gmt":"2022-07-15T13:34:29","guid":{"rendered":"https:\/\/notinor.com\/jujuy\/?p=345155"},"modified":"2022-07-15T10:35:47","modified_gmt":"2022-07-15T13:35:47","slug":"terrible-accidente-en-ruta-66","status":"publish","type":"post","link":"https:\/\/notinor.com\/jujuy\/terrible-accidente-en-ruta-66\/","title":{"rendered":"Terrible accidente en ruta 66"},"content":{"rendered":"\n<p><strong><em>El conductor, \u00fanico pasajero, aparentemente habr\u00eda estado bajo los efectos del alcohol.<\/em><\/strong><\/p>\n\n\n\n<div class=\"wp-block-image\"><figure class=\"aligncenter size-large is-resized\"><img decoding=\"async\" loading=\"lazy\" src=\"https:\/\/notinor.com\/jujuy\/wp-content\/uploads\/2022\/07\/Dise\u00f1o-sin-t\u00edtulo-2-11.jpg\" alt=\"\" class=\"wp-image-345158\" width=\"727\" height=\"364\" srcset=\"https:\/\/notinor.com\/jujuy\/wp-content\/uploads\/2022\/07\/Dise\u00f1o-sin-t\u00edtulo-2-11.jpg 600w, https:\/\/notinor.com\/jujuy\/wp-content\/uploads\/2022\/07\/Dise\u00f1o-sin-t\u00edtulo-2-11-360x180.jpg 360w\" sizes=\"(max-width: 727px) 100vw, 727px\" \/><\/figure><\/div>\n\n\n\n<p>Un auto volc\u00f3 en la Ruta 66, en <strong>San Salvador de Jujuy<\/strong>, y el conductor sufri\u00f3 heridas que obligaron a su inmediata atenci\u00f3n. <\/p>\n\n\n\n<p>A las <strong>03.28 horas de la ma\u00f1ana<\/strong>, un joven de 22 a\u00f1os que circulaba a bordo de un auto marca <strong>Renault Logan de color gris<\/strong>, <strong>perdi\u00f3 el control del rodado y termin\u00f3 volcando sobre la cinta asf\u00e1ltica. El<\/strong> individuo fue llevado a\u00a0<strong>Hospital Pablo Soria<\/strong>, y fuentes policiales indicaron que\u00a0<strong>su vida no corre peligro<\/strong>, aunque contin\u00faa siendo atendido en ese nosocomio.<\/p>\n\n\n\n<p><strong>Tras el siniestro<\/strong>, los transe\u00fantes advirtieron al <strong>911 y al SAME <\/strong>del accidente. Minutos despu\u00e9s llegaron profesionales del servicio de asistencia m\u00e9dica que atendieron al conductor, \u00fanico ocupante del veh\u00edculo. El joven de 22 a\u00f1os, con domicilio en barrio Gorriti de la capital juje\u00f1a, fue trasladado al hospital Pablo Soria donde ingres\u00f3 cerca de las 5 horas.<\/p>\n","protected":false},"excerpt":{"rendered":"<p>El conductor, \u00fanico pasajero, aparentemente habr\u00eda estado bajo los efectos del alcohol. Un auto volc\u00f3 en la Ruta 66, en San Salvador de Jujuy, y el conductor sufri\u00f3 heridas que obligaron a su inmediata atenci\u00f3n. A las 03.28 horas de la ma\u00f1ana, un joven de 22 a\u00f1os que circulaba a bordo de un auto marca [&hellip;]<\/p>\n","protected":false},"author":40,"featured_media":345158,"comment_status":"open","ping_status":"open","sticky":false,"template":"","format":"standard","meta":{"_stopmodifiedupdate":false,"_modified_date":"","inline_featured_image":false,"spay_email":"","jetpack_publicize_message":""},"categories":[3],"tags":[],"jetpack_featured_media_url":"https:\/\/notinor.com\/jujuy\/wp-content\/uploads\/2022\/07\/Dise\u00f1o-sin-t\u00edtulo-2-11.jpg","jetpack_publicize_connections":[],"_links":{"self":[{"href":"https:\/\/notinor.com\/jujuy\/wp-json\/wp\/v2\/posts\/345155"}],"collection":[{"href":"https:\/\/notinor.com\/jujuy\/wp-json\/wp\/v2\/posts"}],"about":[{"href":"https:\/\/notinor.com\/jujuy\/wp-json\/wp\/v2\/types\/post"}],"author":[{"embeddable":true,"href":"https:\/\/notinor.com\/jujuy\/wp-json\/wp\/v2\/users\/40"}],"replies":[{"embeddable":true,"href":"https:\/\/notinor.com\/jujuy\/wp-json\/wp\/v2\/comments?post=345155"}],"version-history":[{"count":2,"href":"https:\/\/notinor.com\/jujuy\/wp-json\/wp\/v2\/posts\/345155\/revisions"}],"predecessor-version":[{"id":345160,"href":"https:\/\/notinor.com\/jujuy\/wp-json\/wp\/v2\/posts\/345155\/revisions\/345160"}],"wp:featuredmedia":[{"embeddable":true,"href":"https:\/\/notinor.com\/jujuy\/wp-json\/wp\/v2\/media\/345158"}],"wp:attachment":[{"href":"https:\/\/notinor.com\/jujuy\/wp-json\/wp\/v2\/media?parent=345155"}],"wp:term":[{"taxonomy":"category","embeddable":true,"href":"https:\/\/notinor.com\/jujuy\/wp-json\/wp\/v2\/categories?post=345155"},{"taxonomy":"post_tag","embeddable":true,"href":"https:\/\/notinor.com\/jujuy\/wp-json\/wp\/v2\/tags?post=345155"}],"curies":[{"name":"wp","href":"https:\/\/api.w.org\/{rel}","templated":true}]}}