{"id":345132,"date":"2022-07-15T08:30:09","date_gmt":"2022-07-15T11:30:09","guid":{"rendered":"https:\/\/notinor.com\/jujuy\/?p=345132"},"modified":"2022-07-15T09:54:56","modified_gmt":"2022-07-15T12:54:56","slug":"llanes-ema","status":"publish","type":"post","link":"https:\/\/notinor.com\/jujuy\/llanes-ema\/","title":{"rendered":"LLANES, Ema"},"content":{"rendered":"\n<p><strong>Falleci\u00f3 el d\u00eda 13 de julio de 2022, a hs. 19:30. C.A.S.R. y B.P., a la edad de 60 a\u00f1os. Su madre: Gertrudis Yanes; sus hermanos: Santos Argentino Llanes, Enrique Omar Llanes, Rita Liliana Llanes y Mirta Llanes; sus sobrinos: Lucas, Erika, Liz y Giovanni; sus primos: Carlitos, Sof\u00eda, Daniel, Javier, Silvina, Eduardo y Rolando; su cu\u00f1ada: Dionisia Alancay; su amiga: Sandra y dem\u00e1s familiares comunican que sus restos mortales ser\u00e1n inhumados hoy 15 de julio a hs. 12:00 en el cementerio local de Ocloyas. Casa de duelo calle San Roque manzana 240 lote 2 barrio El Progreso. Servicio Previsi\u00f3n Social SRL. Avda. Hip\u00f3lito Irigoyen 1250. Tel. 0388 4222492 S.S de Jujuy.<\/strong><\/p>\n","protected":false},"excerpt":{"rendered":"<p>Falleci\u00f3 el d\u00eda 13 de julio de 2022, a hs. 19:30. C.A.S.R. y B.P., a la edad de 60 a\u00f1os. Su madre: Gertrudis Yanes; sus hermanos: Santos Argentino Llanes, Enrique Omar Llanes, Rita Liliana Llanes y Mirta Llanes; sus sobrinos: Lucas, Erika, Liz y Giovanni; sus primos: Carlitos, Sof\u00eda, Daniel, Javier, Silvina, Eduardo y Rolando; [&hellip;]<\/p>\n","protected":false},"author":5,"featured_media":129720,"comment_status":"open","ping_status":"open","sticky":false,"template":"","format":"standard","meta":{"_stopmodifiedupdate":false,"_modified_date":"","inline_featured_image":false,"spay_email":"","jetpack_publicize_message":""},"categories":[523],"tags":[],"jetpack_featured_media_url":"https:\/\/notinor.com\/jujuy\/wp-content\/uploads\/2017\/08\/Obituarios1.jpg","jetpack_publicize_connections":[],"_links":{"self":[{"href":"https:\/\/notinor.com\/jujuy\/wp-json\/wp\/v2\/posts\/345132"}],"collection":[{"href":"https:\/\/notinor.com\/jujuy\/wp-json\/wp\/v2\/posts"}],"about":[{"href":"https:\/\/notinor.com\/jujuy\/wp-json\/wp\/v2\/types\/post"}],"author":[{"embeddable":true,"href":"https:\/\/notinor.com\/jujuy\/wp-json\/wp\/v2\/users\/5"}],"replies":[{"embeddable":true,"href":"https:\/\/notinor.com\/jujuy\/wp-json\/wp\/v2\/comments?post=345132"}],"version-history":[{"count":1,"href":"https:\/\/notinor.com\/jujuy\/wp-json\/wp\/v2\/posts\/345132\/revisions"}],"predecessor-version":[{"id":345133,"href":"https:\/\/notinor.com\/jujuy\/wp-json\/wp\/v2\/posts\/345132\/revisions\/345133"}],"wp:featuredmedia":[{"embeddable":true,"href":"https:\/\/notinor.com\/jujuy\/wp-json\/wp\/v2\/media\/129720"}],"wp:attachment":[{"href":"https:\/\/notinor.com\/jujuy\/wp-json\/wp\/v2\/media?parent=345132"}],"wp:term":[{"taxonomy":"category","embeddable":true,"href":"https:\/\/notinor.com\/jujuy\/wp-json\/wp\/v2\/categories?post=345132"},{"taxonomy":"post_tag","embeddable":true,"href":"https:\/\/notinor.com\/jujuy\/wp-json\/wp\/v2\/tags?post=345132"}],"curies":[{"name":"wp","href":"https:\/\/api.w.org\/{rel}","templated":true}]}}