{"id":345130,"date":"2022-07-15T08:25:52","date_gmt":"2022-07-15T11:25:52","guid":{"rendered":"https:\/\/notinor.com\/jujuy\/?p=345130"},"modified":"2022-07-15T09:51:56","modified_gmt":"2022-07-15T12:51:56","slug":"marquez-victor","status":"publish","type":"post","link":"https:\/\/notinor.com\/jujuy\/marquez-victor\/","title":{"rendered":"MARQUEZ, V\u00edctor"},"content":{"rendered":"\n<p><strong>Falleci\u00f3 el d\u00eda 14 de julio de 2022, a hs. 11:40. C.A.S.R. y B.P., a la edad de 92 a\u00f1os. Su hijo: V\u00edctor Hugo Marquez; su hija pol\u00edtica: Reyna Isabel Tapia de Marquez, Marta Uzqueda y Silvia Uzqueda; sus nietos: Marcelo, Gabriela, Silvana y Fernando; sus nietos pol\u00edticos: Elio Condori, Eliana Choque, Brisa, Leo, Lucy, Edu, Mary, Mellis y Valentin; sus bisnietos: Aldana, Liam y dem\u00e1s familiares participan con profundo dolor su fallecimiento y comunican que sus restos ser\u00e1n inhumados hoy 15 de julio a hs. 11:00 en el cementerio parque El Jard\u00edn del Castillo Jujuy. FAE. Casa de duelo salas Arenales de empresa La Piedad sita en Arenales 1145. Servicio empresa La Piedad SA. Salta 727 San Salvador de Jujuy, Jujuy. Tel. 0388-4222487. L\u00ednea gratuita 0800-444-5274.<\/strong><\/p>\n","protected":false},"excerpt":{"rendered":"<p>Falleci\u00f3 el d\u00eda 14 de julio de 2022, a hs. 11:40. C.A.S.R. y B.P., a la edad de 92 a\u00f1os. Su hijo: V\u00edctor Hugo Marquez; su hija pol\u00edtica: Reyna Isabel Tapia de Marquez, Marta Uzqueda y Silvia Uzqueda; sus nietos: Marcelo, Gabriela, Silvana y Fernando; sus nietos pol\u00edticos: Elio Condori, Eliana Choque, Brisa, Leo, Lucy, [&hellip;]<\/p>\n","protected":false},"author":5,"featured_media":129720,"comment_status":"open","ping_status":"open","sticky":false,"template":"","format":"standard","meta":{"_stopmodifiedupdate":false,"_modified_date":"","inline_featured_image":false,"spay_email":"","jetpack_publicize_message":""},"categories":[523],"tags":[],"jetpack_featured_media_url":"https:\/\/notinor.com\/jujuy\/wp-content\/uploads\/2017\/08\/Obituarios1.jpg","jetpack_publicize_connections":[],"_links":{"self":[{"href":"https:\/\/notinor.com\/jujuy\/wp-json\/wp\/v2\/posts\/345130"}],"collection":[{"href":"https:\/\/notinor.com\/jujuy\/wp-json\/wp\/v2\/posts"}],"about":[{"href":"https:\/\/notinor.com\/jujuy\/wp-json\/wp\/v2\/types\/post"}],"author":[{"embeddable":true,"href":"https:\/\/notinor.com\/jujuy\/wp-json\/wp\/v2\/users\/5"}],"replies":[{"embeddable":true,"href":"https:\/\/notinor.com\/jujuy\/wp-json\/wp\/v2\/comments?post=345130"}],"version-history":[{"count":1,"href":"https:\/\/notinor.com\/jujuy\/wp-json\/wp\/v2\/posts\/345130\/revisions"}],"predecessor-version":[{"id":345131,"href":"https:\/\/notinor.com\/jujuy\/wp-json\/wp\/v2\/posts\/345130\/revisions\/345131"}],"wp:featuredmedia":[{"embeddable":true,"href":"https:\/\/notinor.com\/jujuy\/wp-json\/wp\/v2\/media\/129720"}],"wp:attachment":[{"href":"https:\/\/notinor.com\/jujuy\/wp-json\/wp\/v2\/media?parent=345130"}],"wp:term":[{"taxonomy":"category","embeddable":true,"href":"https:\/\/notinor.com\/jujuy\/wp-json\/wp\/v2\/categories?post=345130"},{"taxonomy":"post_tag","embeddable":true,"href":"https:\/\/notinor.com\/jujuy\/wp-json\/wp\/v2\/tags?post=345130"}],"curies":[{"name":"wp","href":"https:\/\/api.w.org\/{rel}","templated":true}]}}