{"id":344571,"date":"2022-07-11T11:01:01","date_gmt":"2022-07-11T14:01:01","guid":{"rendered":"https:\/\/notinor.com\/jujuy\/?p=344571"},"modified":"2022-07-11T13:26:09","modified_gmt":"2022-07-11T16:26:09","slug":"reivindico-la-corrupcion-y-la-violencia-desprecio-al-pueblo-y-pisoteo-las-instituciones","status":"publish","type":"post","link":"https:\/\/notinor.com\/jujuy\/reivindico-la-corrupcion-y-la-violencia-desprecio-al-pueblo-y-pisoteo-las-instituciones\/","title":{"rendered":"Reivindic\u00f3 la corrupci\u00f3n y la violencia, despreci\u00f3 al pueblo y pisote\u00f3 las instituciones"},"content":{"rendered":"\n<p class=\"has-medium-font-size\"><strong><em>El presidente Alberto Fern\u00e1ndez decidi\u00f3 cancelar su agenda y pegarse una escapada a Jujuy para visitar a Milagro Sala, previo montaje cinematogr\u00e1fico para las redes sociales, con la misma \u00e9pica de aquel tragic\u00f3mico y rid\u00edculo viaje a Rusia para buscar las vacunas Sputnik.<\/em><\/strong><\/p>\n\n\n\n<p><strong>Por Gabriel Guti\u00e9rrez<\/strong><\/p>\n\n\n\n<div class=\"wp-block-image\"><figure class=\"aligncenter size-large\"><img decoding=\"async\" loading=\"lazy\" width=\"800\" height=\"450\" src=\"https:\/\/notinor.com\/jujuy\/wp-content\/uploads\/2022\/07\/alberto-fernandez-y-milagro-sala.jpg\" alt=\"\" class=\"wp-image-344572\" srcset=\"https:\/\/notinor.com\/jujuy\/wp-content\/uploads\/2022\/07\/alberto-fernandez-y-milagro-sala.jpg 800w, https:\/\/notinor.com\/jujuy\/wp-content\/uploads\/2022\/07\/alberto-fernandez-y-milagro-sala-649x365.jpg 649w, https:\/\/notinor.com\/jujuy\/wp-content\/uploads\/2022\/07\/alberto-fernandez-y-milagro-sala-500x280.jpg 500w, https:\/\/notinor.com\/jujuy\/wp-content\/uploads\/2022\/07\/alberto-fernandez-y-milagro-sala-768x432.jpg 768w, https:\/\/notinor.com\/jujuy\/wp-content\/uploads\/2022\/07\/alberto-fernandez-y-milagro-sala-750x422.jpg 750w\" sizes=\"(max-width: 800px) 100vw, 800px\" \/><\/figure><\/div>\n\n\n\n<p>La escasez de gasoil, el desabastecimiento de insumos imprescindibles para la producci\u00f3n por las restricciones a las importaciones, el escand\u00e1lo del avi\u00f3n venezolano-iran\u00ed y la incertidumbre econ\u00f3mica que se desat\u00f3 con la disparada del d\u00f3lar tras los cambios en el Ministerio de Econom\u00eda de la Naci\u00f3n <strong>son algunos de los temas que estuvieron en agenda y demandaron al Gobierno definiciones urgentes. <\/strong><\/p>\n\n\n\n<p><strong>Pero, incluso, en un contexto acuciante, Alberto Fern\u00e1ndez viaj\u00f3 a Jujuy<\/strong>, lo que implic\u00f3 una bofetada al pueblo juje\u00f1o e intent\u00f3 congraciarse, una vez m\u00e1s, con socios pol\u00edticos que constante e incansablemente lo someten a oprobiosos destratos y desgastes de su imagen presidencial.<\/p>\n\n\n\n<p><strong>La visita del primer mandatario a Milagro Sala, la ex l\u00edder de la asociaci\u00f3n il\u00edcita conocida como Organizaci\u00f3n Barrial Tupac Amaru, pone en evidencia, nuevamente, el desprecio por los principios republicanos y democr\u00e1ticos<\/strong>, como la divisi\u00f3n de poderes y los derechos humanos.\u00a0<\/p>\n\n\n\n<p><strong>\u00bfDe qu\u00e9 otra manera podr\u00eda interpretarse esta intempestiva e inconsulta visita a nuestra provincia<\/strong>, <strong>sin pasar, aunque sea por decoro y protocolo -como corresponde-, a saludar al gobernador o a los representantes del pueblo,<\/strong> para -en cambio- visitar a una rea sobre quien pesan varias condenas por graves delitos contra el Estado y personas, mientras aguarda el tr\u00e1mite de otras tantas causas que siguen su curso, algo demoradas por las estrategias dilatorias de su defensa?<\/p>\n\n\n\n<div class=\"wp-block-image\"><figure class=\"aligncenter size-large\"><img decoding=\"async\" loading=\"lazy\" width=\"720\" height=\"480\" src=\"https:\/\/notinor.com\/jujuy\/wp-content\/uploads\/2022\/07\/XTNNZCJWMZDN5AYKKVT7UUDAME-720x480.jpg\" alt=\"\" class=\"wp-image-344607\" srcset=\"https:\/\/notinor.com\/jujuy\/wp-content\/uploads\/2022\/07\/XTNNZCJWMZDN5AYKKVT7UUDAME-720x480.jpg 720w, https:\/\/notinor.com\/jujuy\/wp-content\/uploads\/2022\/07\/XTNNZCJWMZDN5AYKKVT7UUDAME-548x365.jpg 548w, https:\/\/notinor.com\/jujuy\/wp-content\/uploads\/2022\/07\/XTNNZCJWMZDN5AYKKVT7UUDAME-768x512.jpg 768w, https:\/\/notinor.com\/jujuy\/wp-content\/uploads\/2022\/07\/XTNNZCJWMZDN5AYKKVT7UUDAME-750x500.jpg 750w, https:\/\/notinor.com\/jujuy\/wp-content\/uploads\/2022\/07\/XTNNZCJWMZDN5AYKKVT7UUDAME.jpg 1023w\" sizes=\"(max-width: 720px) 100vw, 720px\" \/><\/figure><\/div>\n\n\n\n<p><strong>No le hace ning\u00fan bien a su derruida imagen y deval\u00faa aun m\u00e1s la autoridad de la investidura presidencial,<\/strong> al prestarse a ser c\u00f3mplice y part\u00edcipe de una sospechosa maniobra teatral, para intentar burlar a la Justicia, que por estos d\u00edas se prestaba para dictaminar si Milagro Sala debe volver a la c\u00e1rcel com\u00fan a cumplir con el tiempo de sus condenas y aguardar el tr\u00e1mite de las otras causas.<\/p>\n\n\n\n<p><strong>Al elevar a Milagro Sala a la categor\u00eda de \"presa pol\u00edtica\" y de v\u00edctima de un supuesto lawfare, Alberto Fern\u00e1ndez contribuye al desprestigio de las instituciones<\/strong>, que como primer mandatario deber\u00eda defender, resguardar y enaltecer.\u00a0Preocupan mucho esas adjetivaciones a la acci\u00f3n judicial, como \"persecuci\u00f3n\" y \"barrabasadas\", en boca de un presidente.<\/p>\n\n\n\n<p><strong>Pero m\u00e1s preocupa la presi\u00f3n que el titular del Poder Ejecutivo ejerci\u00f3 sobre la Corte Suprema de Justicia de la Naci\u00f3n con los exabruptos antidemocr\u00e1ticos con que se despach\u00f3<\/strong>, sin tapujos y sin ponerse colorado a pesar de autopercibirse y promocionarse como \"un hombre del Derecho\".<\/p>\n\n\n\n<p>\u00bfAcaso espera que con su impresentable imprecaci\u00f3n logre influir sobre <strong>el M\u00e1ximo Tribunal, que por estos d\u00edas debe expedirse sobre importantes causas que involucran a la c\u00fapula kirchnerista?\u00a0<\/strong>De hecho, Fern\u00e1ndez parece que se suma a un operativo de presi\u00f3n y embestida contra el Poder Judicial, que tuvo como <em>leit motiv <\/em>a la situaci\u00f3n de Sala, pero que se viene arrastrando desde tiempo atr\u00e1s, sobre todo, desde el fallo sobre el Consejo de la Magistratura y el reciente rev\u00e9s judicial que sufri\u00f3 Cristina Kirchner.<\/p>\n\n\n\n<div class=\"wp-block-image\"><figure class=\"aligncenter size-large\"><img decoding=\"async\" loading=\"lazy\" width=\"840\" height=\"473\" src=\"https:\/\/notinor.com\/jujuy\/wp-content\/uploads\/2022\/07\/MUCMSCQBVRFKRH2KERYN7DHECM-840x473.jpg\" alt=\"\" class=\"wp-image-344605\" srcset=\"https:\/\/notinor.com\/jujuy\/wp-content\/uploads\/2022\/07\/MUCMSCQBVRFKRH2KERYN7DHECM-840x473.jpg 840w, https:\/\/notinor.com\/jujuy\/wp-content\/uploads\/2022\/07\/MUCMSCQBVRFKRH2KERYN7DHECM-649x365.jpg 649w, https:\/\/notinor.com\/jujuy\/wp-content\/uploads\/2022\/07\/MUCMSCQBVRFKRH2KERYN7DHECM-768x432.jpg 768w, https:\/\/notinor.com\/jujuy\/wp-content\/uploads\/2022\/07\/MUCMSCQBVRFKRH2KERYN7DHECM-1536x864.jpg 1536w, https:\/\/notinor.com\/jujuy\/wp-content\/uploads\/2022\/07\/MUCMSCQBVRFKRH2KERYN7DHECM-750x422.jpg 750w, https:\/\/notinor.com\/jujuy\/wp-content\/uploads\/2022\/07\/MUCMSCQBVRFKRH2KERYN7DHECM-1140x641.jpg 1140w, https:\/\/notinor.com\/jujuy\/wp-content\/uploads\/2022\/07\/MUCMSCQBVRFKRH2KERYN7DHECM.jpg 1920w\" sizes=\"(max-width: 840px) 100vw, 840px\" \/><\/figure><\/div>\n\n\n\n<p><strong>Con respecto a la s\u00fabita escapada a Jujuy a visitar a Sala, el titular de la AFI, Agust\u00edn Rossi, expres\u00f3 que el viaje \"debe generar una reacci\u00f3n en la Corte Suprema\". Para la portavoz presidencial, Gabriela Cerruti, la expedici\u00f3n sirvi\u00f3 para \u201cvolver a poner visibilidad sobre un hecho de injusticia como es la detenci\u00f3n ilegal que est\u00e1 sufriendo Sala y para seguir reclamando por su libertad\"<\/strong>. Relacion\u00f3 la visita a la que en su momento, cuando era precandidato presidencial en julio de 2019, realiz\u00f3 el ex presidente de Brasil Luiz In\u00e1cio Lula Da Silva, quien estaba en prisi\u00f3n en la Superintendencia de la Polic\u00eda Federal brasile\u00f1a en la ciudad de Curitiba.<\/p>\n\n\n\n<p><strong>Otro tanto hizo la Secretar\u00eda de Derechos Humanos de la Naci\u00f3n, al reclamar a la Corte Suprema de Justicia de la Naci\u00f3n y a las autoridades judiciales de Jujuy que \"se dispongan las acciones necesarias para frenar el hostigamiento contra Milagro Sala,<\/strong> privada de su libertad de manera arbitraria desde 2016, y se d\u00e9 cumplimiento a las medidas de protecci\u00f3n dispuestas por la Corte Interamericana de Derechos Humanos\".<\/p>\n\n\n\n<p>En tanto, <strong>el ministro de Justicia, Mart\u00edn Soria, reafirm\u00f3 el compromiso del Gobierno para que se cumpla la medida provisional dictada por la CIDH a favor de Milagro Sala, <\/strong>durante una reuni\u00f3n con representantes del Comit\u00e9 por la Libertad de la referente de la Tupac Amaru, quienes volvieron a exigir la libertad de la activista en una movilizaci\u00f3n hacia la sede ministerial.<\/p>\n\n\n\n<p><strong>En caso de que no sea suficiente, el referente de la CTEP, Juan Grabois, reclam\u00f3 al Presidente indultar a Milagro Sala.<\/strong>\u00a0\"Es hora de pasar de las palabras a los hechos. La \u00fanica alternativa que hay es el indulto. Cuando decimos que Milagro Sala es una presa pol\u00edtica, hay que dar una respuesta pol\u00edtica. Si el Presidente est\u00e1 convencido, que ponga las pelotas arriba de la mesa y se juegue por algo\", se\u00f1al\u00f3.<\/p>\n\n\n\n<p><strong>Seguramente estamos ante el inicio de un nuevo oscuro cap\u00edtulo de la devaluaci\u00f3n de las instituciones<\/strong>.\u00a0Lo cierto es que el presidente de la Naci\u00f3n, con una visita que intenta vender como un \"gesto humanista\" y <strong>con el desplante al gobernador, ofende y falta al respeto a una gran parte de los juje\u00f1os,<\/strong> y reivindica la violencia y la corrupci\u00f3n que el pueblo desea que no queden impunes.<\/p>\n","protected":false},"excerpt":{"rendered":"<p>El presidente Alberto Fern\u00e1ndez decidi\u00f3 cancelar su agenda y pegarse una escapada a Jujuy para visitar a Milagro Sala, previo montaje cinematogr\u00e1fico para las redes sociales, con la misma \u00e9pica de aquel tragic\u00f3mico y rid\u00edculo viaje a Rusia para buscar las vacunas Sputnik. Por Gabriel Guti\u00e9rrez La escasez de gasoil, el desabastecimiento de insumos imprescindibles [&hellip;]<\/p>\n","protected":false},"author":49,"featured_media":344572,"comment_status":"open","ping_status":"open","sticky":false,"template":"","format":"standard","meta":{"_stopmodifiedupdate":false,"_modified_date":"","inline_featured_image":false,"spay_email":"","jetpack_publicize_message":""},"categories":[1127],"tags":[],"jetpack_featured_media_url":"https:\/\/notinor.com\/jujuy\/wp-content\/uploads\/2022\/07\/alberto-fernandez-y-milagro-sala.jpg","jetpack_publicize_connections":[],"_links":{"self":[{"href":"https:\/\/notinor.com\/jujuy\/wp-json\/wp\/v2\/posts\/344571"}],"collection":[{"href":"https:\/\/notinor.com\/jujuy\/wp-json\/wp\/v2\/posts"}],"about":[{"href":"https:\/\/notinor.com\/jujuy\/wp-json\/wp\/v2\/types\/post"}],"author":[{"embeddable":true,"href":"https:\/\/notinor.com\/jujuy\/wp-json\/wp\/v2\/users\/49"}],"replies":[{"embeddable":true,"href":"https:\/\/notinor.com\/jujuy\/wp-json\/wp\/v2\/comments?post=344571"}],"version-history":[{"count":5,"href":"https:\/\/notinor.com\/jujuy\/wp-json\/wp\/v2\/posts\/344571\/revisions"}],"predecessor-version":[{"id":344608,"href":"https:\/\/notinor.com\/jujuy\/wp-json\/wp\/v2\/posts\/344571\/revisions\/344608"}],"wp:featuredmedia":[{"embeddable":true,"href":"https:\/\/notinor.com\/jujuy\/wp-json\/wp\/v2\/media\/344572"}],"wp:attachment":[{"href":"https:\/\/notinor.com\/jujuy\/wp-json\/wp\/v2\/media?parent=344571"}],"wp:term":[{"taxonomy":"category","embeddable":true,"href":"https:\/\/notinor.com\/jujuy\/wp-json\/wp\/v2\/categories?post=344571"},{"taxonomy":"post_tag","embeddable":true,"href":"https:\/\/notinor.com\/jujuy\/wp-json\/wp\/v2\/tags?post=344571"}],"curies":[{"name":"wp","href":"https:\/\/api.w.org\/{rel}","templated":true}]}}