{"id":343225,"date":"2022-06-29T12:01:29","date_gmt":"2022-06-29T15:01:29","guid":{"rendered":"https:\/\/notinor.com\/jujuy\/?p=343225"},"modified":"2022-06-29T13:15:14","modified_gmt":"2022-06-29T16:15:14","slug":"alberto-fernandez-llego-al-sanatorio-los-lapachos-y-visita-a-milagro-sala","status":"publish","type":"post","link":"https:\/\/notinor.com\/jujuy\/alberto-fernandez-llego-al-sanatorio-los-lapachos-y-visita-a-milagro-sala\/","title":{"rendered":"Alberto Fern\u00e1ndez lleg\u00f3 al Sanatorio Los Lapachos y visita a Milagro Sala"},"content":{"rendered":"\n<p class=\"has-medium-font-size\"><em><strong>El Presidente de la Naci\u00f3n arrib\u00f3 al sanatorio donde la exdirigente social se encuentra internada producto de una trombosis venosa severa.<\/strong><\/em><\/p>\n\n\n\n<div class=\"wp-block-image\"><figure class=\"aligncenter size-large\"><img decoding=\"async\" loading=\"lazy\" width=\"800\" height=\"450\" src=\"https:\/\/notinor.com\/jujuy\/wp-content\/uploads\/2022\/06\/alberto-fernandez-en-jujuy.jpg\" alt=\"\" class=\"wp-image-343241\" srcset=\"https:\/\/notinor.com\/jujuy\/wp-content\/uploads\/2022\/06\/alberto-fernandez-en-jujuy.jpg 800w, https:\/\/notinor.com\/jujuy\/wp-content\/uploads\/2022\/06\/alberto-fernandez-en-jujuy-649x365.jpg 649w, https:\/\/notinor.com\/jujuy\/wp-content\/uploads\/2022\/06\/alberto-fernandez-en-jujuy-500x280.jpg 500w, https:\/\/notinor.com\/jujuy\/wp-content\/uploads\/2022\/06\/alberto-fernandez-en-jujuy-768x432.jpg 768w, https:\/\/notinor.com\/jujuy\/wp-content\/uploads\/2022\/06\/alberto-fernandez-en-jujuy-750x422.jpg 750w\" sizes=\"(max-width: 800px) 100vw, 800px\" \/><\/figure><\/div>\n\n\n\n<p>El presidente parti\u00f3 junto a su comitiva para San Salvador de Jujuy acompa\u00f1ado de un fuerte operativo policial.<\/p>\n\n\n\n<p>Alrededor de las 11:45 horas&nbsp;<strong>Alberto Fern\u00e1ndez<\/strong>&nbsp;<strong>lleg\u00f3 a la cl\u00ednica para visitar a la dirigente social.<\/strong> Luego ingres\u00f3 al centro m\u00e9dico donde pudo visitar a la exdirigente social, con quien mantuvo un breve di\u00e1logo.<\/p>\n\n\n\n<div class=\"wp-block-jetpack-slideshow aligncenter\" data-effect=\"slide\"><div class=\"wp-block-jetpack-slideshow_container swiper-container\"><ul class=\"wp-block-jetpack-slideshow_swiper-wrapper swiper-wrapper\"><li class=\"wp-block-jetpack-slideshow_slide swiper-slide\"><figure><img decoding=\"async\" loading=\"lazy\" width=\"800\" height=\"450\" alt=\"\" class=\"wp-block-jetpack-slideshow_image wp-image-343239\" data-id=\"343239\" src=\"https:\/\/notinor.com\/jujuy\/wp-content\/uploads\/2022\/06\/alberto-fernandez-en-jujuy-2.jpg\" srcset=\"https:\/\/notinor.com\/jujuy\/wp-content\/uploads\/2022\/06\/alberto-fernandez-en-jujuy-2.jpg 800w, https:\/\/notinor.com\/jujuy\/wp-content\/uploads\/2022\/06\/alberto-fernandez-en-jujuy-2-649x365.jpg 649w, https:\/\/notinor.com\/jujuy\/wp-content\/uploads\/2022\/06\/alberto-fernandez-en-jujuy-2-500x280.jpg 500w, https:\/\/notinor.com\/jujuy\/wp-content\/uploads\/2022\/06\/alberto-fernandez-en-jujuy-2-768x432.jpg 768w, https:\/\/notinor.com\/jujuy\/wp-content\/uploads\/2022\/06\/alberto-fernandez-en-jujuy-2-750x422.jpg 750w\" sizes=\"(max-width: 800px) 100vw, 800px\" \/><\/figure><\/li><li class=\"wp-block-jetpack-slideshow_slide swiper-slide\"><figure><img decoding=\"async\" loading=\"lazy\" width=\"800\" height=\"450\" alt=\"\" class=\"wp-block-jetpack-slideshow_image wp-image-343240\" data-id=\"343240\" src=\"https:\/\/notinor.com\/jujuy\/wp-content\/uploads\/2022\/06\/alberto-fernandez-en-jujuy-3.jpg\" srcset=\"https:\/\/notinor.com\/jujuy\/wp-content\/uploads\/2022\/06\/alberto-fernandez-en-jujuy-3.jpg 800w, https:\/\/notinor.com\/jujuy\/wp-content\/uploads\/2022\/06\/alberto-fernandez-en-jujuy-3-649x365.jpg 649w, https:\/\/notinor.com\/jujuy\/wp-content\/uploads\/2022\/06\/alberto-fernandez-en-jujuy-3-500x280.jpg 500w, https:\/\/notinor.com\/jujuy\/wp-content\/uploads\/2022\/06\/alberto-fernandez-en-jujuy-3-768x432.jpg 768w, https:\/\/notinor.com\/jujuy\/wp-content\/uploads\/2022\/06\/alberto-fernandez-en-jujuy-3-750x422.jpg 750w\" sizes=\"(max-width: 800px) 100vw, 800px\" \/><\/figure><\/li><\/ul><a class=\"wp-block-jetpack-slideshow_button-prev swiper-button-prev swiper-button-white\" role=\"button\"><\/a><a class=\"wp-block-jetpack-slideshow_button-next swiper-button-next swiper-button-white\" role=\"button\"><\/a><a aria-label=\"Pause Slideshow\" class=\"wp-block-jetpack-slideshow_button-pause\" role=\"button\"><\/a><div class=\"wp-block-jetpack-slideshow_pagination swiper-pagination swiper-pagination-white\"><\/div><\/div><\/div>\n\n\n\n<div class=\"wp-block-image\"><figure class=\"aligncenter size-large\"><img decoding=\"async\" loading=\"lazy\" width=\"800\" height=\"450\" src=\"https:\/\/notinor.com\/jujuy\/wp-content\/uploads\/2022\/06\/alberto-y-milagro.jpg\" alt=\"\" class=\"wp-image-343246\" srcset=\"https:\/\/notinor.com\/jujuy\/wp-content\/uploads\/2022\/06\/alberto-y-milagro.jpg 800w, https:\/\/notinor.com\/jujuy\/wp-content\/uploads\/2022\/06\/alberto-y-milagro-649x365.jpg 649w, https:\/\/notinor.com\/jujuy\/wp-content\/uploads\/2022\/06\/alberto-y-milagro-500x280.jpg 500w, https:\/\/notinor.com\/jujuy\/wp-content\/uploads\/2022\/06\/alberto-y-milagro-768x432.jpg 768w, https:\/\/notinor.com\/jujuy\/wp-content\/uploads\/2022\/06\/alberto-y-milagro-750x422.jpg 750w\" sizes=\"(max-width: 800px) 100vw, 800px\" \/><\/figure><\/div>\n","protected":false},"excerpt":{"rendered":"<p>El Presidente de la Naci\u00f3n arrib\u00f3 al sanatorio donde la exdirigente social se encuentra internada producto de una trombosis venosa severa. El presidente parti\u00f3 junto a su comitiva para San Salvador de Jujuy acompa\u00f1ado de un fuerte operativo policial. Alrededor de las 11:45 horas&nbsp;Alberto Fern\u00e1ndez&nbsp;lleg\u00f3 a la cl\u00ednica para visitar a la dirigente social. Luego [&hellip;]<\/p>\n","protected":false},"author":5,"featured_media":343241,"comment_status":"open","ping_status":"open","sticky":false,"template":"","format":"standard","meta":{"_stopmodifiedupdate":false,"_modified_date":"","inline_featured_image":false,"spay_email":"","jetpack_publicize_message":""},"categories":[2,501],"tags":[],"jetpack_featured_media_url":"https:\/\/notinor.com\/jujuy\/wp-content\/uploads\/2022\/06\/alberto-fernandez-en-jujuy.jpg","jetpack_publicize_connections":[],"_links":{"self":[{"href":"https:\/\/notinor.com\/jujuy\/wp-json\/wp\/v2\/posts\/343225"}],"collection":[{"href":"https:\/\/notinor.com\/jujuy\/wp-json\/wp\/v2\/posts"}],"about":[{"href":"https:\/\/notinor.com\/jujuy\/wp-json\/wp\/v2\/types\/post"}],"author":[{"embeddable":true,"href":"https:\/\/notinor.com\/jujuy\/wp-json\/wp\/v2\/users\/5"}],"replies":[{"embeddable":true,"href":"https:\/\/notinor.com\/jujuy\/wp-json\/wp\/v2\/comments?post=343225"}],"version-history":[{"count":3,"href":"https:\/\/notinor.com\/jujuy\/wp-json\/wp\/v2\/posts\/343225\/revisions"}],"predecessor-version":[{"id":343247,"href":"https:\/\/notinor.com\/jujuy\/wp-json\/wp\/v2\/posts\/343225\/revisions\/343247"}],"wp:featuredmedia":[{"embeddable":true,"href":"https:\/\/notinor.com\/jujuy\/wp-json\/wp\/v2\/media\/343241"}],"wp:attachment":[{"href":"https:\/\/notinor.com\/jujuy\/wp-json\/wp\/v2\/media?parent=343225"}],"wp:term":[{"taxonomy":"category","embeddable":true,"href":"https:\/\/notinor.com\/jujuy\/wp-json\/wp\/v2\/categories?post=343225"},{"taxonomy":"post_tag","embeddable":true,"href":"https:\/\/notinor.com\/jujuy\/wp-json\/wp\/v2\/tags?post=343225"}],"curies":[{"name":"wp","href":"https:\/\/api.w.org\/{rel}","templated":true}]}}