{"id":342864,"date":"2022-06-24T21:03:00","date_gmt":"2022-06-25T00:03:00","guid":{"rendered":"https:\/\/notinor.com\/jujuy\/?p=342864"},"modified":"2022-06-27T09:19:15","modified_gmt":"2022-06-27T12:19:15","slug":"pavimentacion-en-bajo-la-vina-corte-y-pasini-bonfanti","status":"publish","type":"post","link":"https:\/\/notinor.com\/jujuy\/pavimentacion-en-bajo-la-vina-corte-y-pasini-bonfanti\/","title":{"rendered":"Pavimentaci\u00f3n en Bajo La Vi\u00f1a: Corte y Pasini Bonfanti"},"content":{"rendered":"\n<p>Contin\u00faa con mucha aceptaci\u00f3n y \u00e9xito el Programa de Obras Mixtas concretando en d\u00edas pasados m\u00e1s de 350 metros lineales de pavimento.\u00a0 Estamos esperando que se sumen m\u00e1s vecinos para poder seguir trabajando por una mejor ciudad.<\/p>\n\n\n\n<div class=\"wp-block-image\"><figure class=\"aligncenter size-large is-resized\"><img decoding=\"async\" loading=\"lazy\" src=\"https:\/\/notinor.com\/jujuy\/wp-content\/uploads\/2022\/06\/calle-corte-bajo-la-vina-2-2-720x480.jpg\" alt=\"\" class=\"wp-image-342865\" width=\"597\" height=\"398\" srcset=\"https:\/\/notinor.com\/jujuy\/wp-content\/uploads\/2022\/06\/calle-corte-bajo-la-vina-2-2-720x480.jpg 720w, https:\/\/notinor.com\/jujuy\/wp-content\/uploads\/2022\/06\/calle-corte-bajo-la-vina-2-2-548x365.jpg 548w, https:\/\/notinor.com\/jujuy\/wp-content\/uploads\/2022\/06\/calle-corte-bajo-la-vina-2-2-768x512.jpg 768w, https:\/\/notinor.com\/jujuy\/wp-content\/uploads\/2022\/06\/calle-corte-bajo-la-vina-2-2-1536x1024.jpg 1536w, https:\/\/notinor.com\/jujuy\/wp-content\/uploads\/2022\/06\/calle-corte-bajo-la-vina-2-2-2048x1365.jpg 2048w, https:\/\/notinor.com\/jujuy\/wp-content\/uploads\/2022\/06\/calle-corte-bajo-la-vina-2-2-750x500.jpg 750w, https:\/\/notinor.com\/jujuy\/wp-content\/uploads\/2022\/06\/calle-corte-bajo-la-vina-2-2-1140x760.jpg 1140w\" sizes=\"(max-width: 597px) 100vw, 597px\" \/><\/figure><\/div>\n\n\n\n<p>Este programa de pavimentaci\u00f3n se desarrolla con el\u00a0aporte solidario del material por parte de los vecinos y el asesoramiento, inspecci\u00f3n, mano de obra y maquinaria por parte de la Municipalidad de San Salvador de Jujuy, llevando desarrollo urban\u00edstico a aquellos lugares donde los vecinos apuestan a la inversi\u00f3n conjunta para cambiarle la realidad de sus barrios y agregar valor a sus propiedades.<\/p>\n\n\n\n<p>Al respecto, el intendente de San Salvador de Jujuy, Ra\u00fal \u201cChuli\u201d Jorge, expres\u00f3, \u201cse est\u00e1 generando una red m\u00e1s que importante en Bajo La Vi\u00f1a; les agradezco profundamente a los vecinos por confiar en el Municipio y en hacer los aportes necesarios con el material, y nosotros con la mano de obra y la maquinaria\u00a0hacemos posible un pavimento que viene para quedarse 50 a\u00f1os\u00a0ya que estamos realiz\u00e1ndolo con la mejor tecnolog\u00eda de hormig\u00f3n simple, hecho que permite que el barrio se categorice y aumenten los valores inmobiliarios de las viviendas\u201d, y enfatiz\u00f3, \u201cla gente va acompa\u00f1ando y mejorando veredas y, donde falta, completando el arbolado p\u00fablico; todo eso cambia notablemente la calidad del barrio, y en ese sentido,\u00a0vecinos y Municipio juntos podemos hacer estas transformaciones que se notan\u201d.<\/p>\n\n\n\n<p>Por su parte, el secretario de Obras P\u00fablicas, Aldo Montiel, explic\u00f3 que\u00a0se est\u00e1 trabajando en dos sectores de Bajo La Vi\u00f1a,\u00a0\u201cestamos dando continuidad a obras de pavimentaci\u00f3n en algunas arterias que hab\u00edamos iniciado,\u00a0espec\u00edficamente en la calle Corte, paralela a avenida Balb\u00edn, una calle troncal para la circulaci\u00f3n del barrio, y tambi\u00e9n estamos trabajando sobre\u00a0calle Pasini Bonfanti, en la zona del Colegio Nueva Siembra que va hacia el Puente Arias, esta calle es importante porque trabaja en el ingreso y egreso hacia el sector del colegio, a trav\u00e9s de calle Scaro, donde est\u00e1 la Iglesia y la Polic\u00eda\u201d.<\/p>\n\n\n\n<p>Y detall\u00f3, \u201cestamos pavimentando entre Mar\u00edn hacia Domingo Baca quedando pendiente un tramo entre Baca y Alvarado; Alvarado, entre Corte y Colectora, est\u00e1 pavimentada ya con el aporte de los vecinos y la Municipalidad, que es la calle que nos lleva hacia avenida Balb\u00edn a trav\u00e9s del sem\u00e1foro que est\u00e1 en la esquina de la Iglesia; puntualmente en esta calle trabajamos el 50% de la misma, y el lunes vamos a continuar con el otro 50%, para no generar conflictos en la circulaci\u00f3n de los vecinos;\u00a0estamos intentando que se sumen los vecinos de la cuadra siguiente, entre Cabezas y Scaro, para poder cerrar el circuito de circulaci\u00f3n en el sector pensando sobre todo en la circulaci\u00f3n de los peque\u00f1os que concurren a las escuelas que est\u00e1n cerca del lugar.\u201c.\u00a0<\/p>\n","protected":false},"excerpt":{"rendered":"<p>Contin\u00faa con mucha aceptaci\u00f3n y \u00e9xito el Programa de Obras Mixtas concretando en d\u00edas pasados m\u00e1s de 350 metros lineales de pavimento.\u00a0 Estamos esperando que se sumen m\u00e1s vecinos para poder seguir trabajando por una mejor ciudad. Este programa de pavimentaci\u00f3n se desarrolla con el\u00a0aporte solidario del material por parte de los vecinos y el [&hellip;]<\/p>\n","protected":false},"author":5,"featured_media":342865,"comment_status":"open","ping_status":"open","sticky":false,"template":"","format":"standard","meta":{"_stopmodifiedupdate":false,"_modified_date":"","inline_featured_image":false,"spay_email":"","jetpack_publicize_message":""},"categories":[514],"tags":[],"jetpack_featured_media_url":"https:\/\/notinor.com\/jujuy\/wp-content\/uploads\/2022\/06\/calle-corte-bajo-la-vina-2-2-scaled.jpg","jetpack_publicize_connections":[],"_links":{"self":[{"href":"https:\/\/notinor.com\/jujuy\/wp-json\/wp\/v2\/posts\/342864"}],"collection":[{"href":"https:\/\/notinor.com\/jujuy\/wp-json\/wp\/v2\/posts"}],"about":[{"href":"https:\/\/notinor.com\/jujuy\/wp-json\/wp\/v2\/types\/post"}],"author":[{"embeddable":true,"href":"https:\/\/notinor.com\/jujuy\/wp-json\/wp\/v2\/users\/5"}],"replies":[{"embeddable":true,"href":"https:\/\/notinor.com\/jujuy\/wp-json\/wp\/v2\/comments?post=342864"}],"version-history":[{"count":1,"href":"https:\/\/notinor.com\/jujuy\/wp-json\/wp\/v2\/posts\/342864\/revisions"}],"predecessor-version":[{"id":342866,"href":"https:\/\/notinor.com\/jujuy\/wp-json\/wp\/v2\/posts\/342864\/revisions\/342866"}],"wp:featuredmedia":[{"embeddable":true,"href":"https:\/\/notinor.com\/jujuy\/wp-json\/wp\/v2\/media\/342865"}],"wp:attachment":[{"href":"https:\/\/notinor.com\/jujuy\/wp-json\/wp\/v2\/media?parent=342864"}],"wp:term":[{"taxonomy":"category","embeddable":true,"href":"https:\/\/notinor.com\/jujuy\/wp-json\/wp\/v2\/categories?post=342864"},{"taxonomy":"post_tag","embeddable":true,"href":"https:\/\/notinor.com\/jujuy\/wp-json\/wp\/v2\/tags?post=342864"}],"curies":[{"name":"wp","href":"https:\/\/api.w.org\/{rel}","templated":true}]}}