{"id":342859,"date":"2022-06-24T20:56:00","date_gmt":"2022-06-24T23:56:00","guid":{"rendered":"https:\/\/notinor.com\/jujuy\/?p=342859"},"modified":"2022-06-27T09:03:00","modified_gmt":"2022-06-27T12:03:00","slug":"san-salvador-de-jujuy-y-mar-del-plata-generan-acciones-para-potenciar-el-turismo","status":"publish","type":"post","link":"https:\/\/notinor.com\/jujuy\/san-salvador-de-jujuy-y-mar-del-plata-generan-acciones-para-potenciar-el-turismo\/","title":{"rendered":"San Salvador de Jujuy y Mar del Plata generan acciones para potenciar el turismo"},"content":{"rendered":"\n<p>Para ello se rubric\u00f3 un convenio de\u00a0cooperaci\u00f3n entre el intendente de San Salvador de Jujuy, Ra\u00fal \u201cChuli\u201d Jorge, y el presidente del Ente Municipal de Turismo de Mar del Plata, Bernardo Mart\u00edn, con el objetivo conformar una mesa de trabajo conjunta entre las dos ciudades con miras a impulsar el desarrollo tur\u00edstico.<\/p>\n\n\n\n<div class=\"wp-block-image\"><figure class=\"aligncenter size-large is-resized\"><img decoding=\"async\" loading=\"lazy\" src=\"https:\/\/notinor.com\/jujuy\/wp-content\/uploads\/2022\/06\/MAR-DEL-PLATA-2.jpg\" alt=\"\" class=\"wp-image-342861\" width=\"623\" height=\"400\" srcset=\"https:\/\/notinor.com\/jujuy\/wp-content\/uploads\/2022\/06\/MAR-DEL-PLATA-2.jpg 748w, https:\/\/notinor.com\/jujuy\/wp-content\/uploads\/2022\/06\/MAR-DEL-PLATA-2-569x365.jpg 569w\" sizes=\"(max-width: 623px) 100vw, 623px\" \/><\/figure><\/div>\n\n\n\n<p>Al respecto, el intendente Jorge expres\u00f3, \u201ceste encuentro representa la pol\u00edtica de dos municipios de generar un intercambio permanente, en este caso entre el norte del pa\u00eds que tiene bellezas inigualables, y Mar del Plata, que contiene una historia en su identidad como la ciudad costera m\u00e1s importante que tiene nuestro pa\u00eds, lo que para nosotros significa un v\u00ednculo permanente. Por ello el objetivo es ir generando estrategias para fomentar el turismo que est\u00e1 en desarrollo en San Salvador de Jujuy, articulando acciones con sector privado para generar m\u00e1s inversi\u00f3n y m\u00e1s patrimonio\u201d, asegur\u00f3. Y agradeci\u00f3 la visita de los equipos de la ciudad de Mar del Plata, a quien consider\u00f3 una ciudad amiga de San Salvador.<\/p>\n\n\n\n<p>Por su parte, el secretario de Cultura y Turismo, Luciano C\u00f3rdoba, expres\u00f3 su felicidad por ser anfitriones de la ciudad de Mar del Plata y de poder firmar el convenio, \u201cse observa el objetivo claro de empezar a trabajar en t\u00e9rminos tur\u00edsticos con promociones cruzadas, con nuestra intenci\u00f3n de que m\u00e1s marplatenses vengan a visitar San Salvador de Jujuy. El turismo est\u00e1 teniendo una curva de crecimiento muy positiva, esto genera un derrame en la econom\u00eda local de las ciudades y por supuesto que nosotros, los actores p\u00fablicos, tenemos que ir marcando un poco la tendencia y buscando de manera colaborativa este tipo de promociones tur\u00edsticas\u201d,afirm\u00f3<\/p>\n\n\n\n<p>Finalmente, Bernardo Mart\u00edn, presidente delEnte Municipal de Turismo de Mar delPlata explic\u00f3, \u201ceste convenio significa escribir en un papel la intenci\u00f3n de refrendar lo que uno realmente siente: el \u00e1nimo de trabajar en conjunto y que las capacidades se unan en el af\u00e1n de promocionar destinos incre\u00edbles que son las ciudades de Mar del Plata y San Salvador de Jujuy. As\u00ed que creo que a todos nos hace muy bien. En nuestro caso agradecerle a los juje\u00f1os por haber regresado a Mar del Plata despu\u00e9s de la terrible pandemia que pasamos\u201d.<\/p>\n\n\n\n<div class=\"wp-block-image\"><figure class=\"aligncenter size-large is-resized\"><img decoding=\"async\" loading=\"lazy\" src=\"https:\/\/notinor.com\/jujuy\/wp-content\/uploads\/2022\/06\/MAR-DEL-PLATA-3-721x480.jpg\" alt=\"\" class=\"wp-image-342862\" width=\"607\" height=\"404\" srcset=\"https:\/\/notinor.com\/jujuy\/wp-content\/uploads\/2022\/06\/MAR-DEL-PLATA-3-721x480.jpg 721w, https:\/\/notinor.com\/jujuy\/wp-content\/uploads\/2022\/06\/MAR-DEL-PLATA-3-548x365.jpg 548w, https:\/\/notinor.com\/jujuy\/wp-content\/uploads\/2022\/06\/MAR-DEL-PLATA-3.jpg 748w\" sizes=\"(max-width: 607px) 100vw, 607px\" \/><\/figure><\/div>\n","protected":false},"excerpt":{"rendered":"<p>Para ello se rubric\u00f3 un convenio de\u00a0cooperaci\u00f3n entre el intendente de San Salvador de Jujuy, Ra\u00fal \u201cChuli\u201d Jorge, y el presidente del Ente Municipal de Turismo de Mar del Plata, Bernardo Mart\u00edn, con el objetivo conformar una mesa de trabajo conjunta entre las dos ciudades con miras a impulsar el desarrollo tur\u00edstico. Al respecto, el [&hellip;]<\/p>\n","protected":false},"author":5,"featured_media":342860,"comment_status":"open","ping_status":"open","sticky":false,"template":"","format":"standard","meta":{"_stopmodifiedupdate":false,"_modified_date":"","inline_featured_image":false,"spay_email":"","jetpack_publicize_message":""},"categories":[514],"tags":[],"jetpack_featured_media_url":"https:\/\/notinor.com\/jujuy\/wp-content\/uploads\/2022\/06\/MAR-DEL-PLATA-4.jpg","jetpack_publicize_connections":[],"_links":{"self":[{"href":"https:\/\/notinor.com\/jujuy\/wp-json\/wp\/v2\/posts\/342859"}],"collection":[{"href":"https:\/\/notinor.com\/jujuy\/wp-json\/wp\/v2\/posts"}],"about":[{"href":"https:\/\/notinor.com\/jujuy\/wp-json\/wp\/v2\/types\/post"}],"author":[{"embeddable":true,"href":"https:\/\/notinor.com\/jujuy\/wp-json\/wp\/v2\/users\/5"}],"replies":[{"embeddable":true,"href":"https:\/\/notinor.com\/jujuy\/wp-json\/wp\/v2\/comments?post=342859"}],"version-history":[{"count":1,"href":"https:\/\/notinor.com\/jujuy\/wp-json\/wp\/v2\/posts\/342859\/revisions"}],"predecessor-version":[{"id":342863,"href":"https:\/\/notinor.com\/jujuy\/wp-json\/wp\/v2\/posts\/342859\/revisions\/342863"}],"wp:featuredmedia":[{"embeddable":true,"href":"https:\/\/notinor.com\/jujuy\/wp-json\/wp\/v2\/media\/342860"}],"wp:attachment":[{"href":"https:\/\/notinor.com\/jujuy\/wp-json\/wp\/v2\/media?parent=342859"}],"wp:term":[{"taxonomy":"category","embeddable":true,"href":"https:\/\/notinor.com\/jujuy\/wp-json\/wp\/v2\/categories?post=342859"},{"taxonomy":"post_tag","embeddable":true,"href":"https:\/\/notinor.com\/jujuy\/wp-json\/wp\/v2\/tags?post=342859"}],"curies":[{"name":"wp","href":"https:\/\/api.w.org\/{rel}","templated":true}]}}