{"id":342814,"date":"2022-06-24T21:40:21","date_gmt":"2022-06-25T00:40:21","guid":{"rendered":"https:\/\/notinor.com\/jujuy\/?p=342814"},"modified":"2022-06-24T21:40:25","modified_gmt":"2022-06-25T00:40:25","slug":"la-empresa-jujuy-iluminada-proveera-de-53-000-luminarias-led-a-la-provincia","status":"publish","type":"post","link":"https:\/\/notinor.com\/jujuy\/la-empresa-jujuy-iluminada-proveera-de-53-000-luminarias-led-a-la-provincia\/","title":{"rendered":"La empresa Jujuy Iluminada proveer\u00e1 de 53.000 luminarias LED a la provincia"},"content":{"rendered":"\n<p class=\"has-medium-font-size\"><strong><em>El Plan Provincial Jujuy Iluminada tuvo la firma de contrato con la empresa que proveer\u00e1 53.000 luminarias LED para alumbrado p\u00fablico en el territorio juje\u00f1o.<\/em><\/strong><\/p>\n\n\n\n<div class=\"wp-block-image\"><figure class=\"aligncenter size-large\"><img decoding=\"async\" loading=\"lazy\" width=\"800\" height=\"450\" src=\"https:\/\/notinor.com\/jujuy\/wp-content\/uploads\/2022\/06\/jujuy-iluminada.jpg\" alt=\"\" class=\"wp-image-342815\" srcset=\"https:\/\/notinor.com\/jujuy\/wp-content\/uploads\/2022\/06\/jujuy-iluminada.jpg 800w, https:\/\/notinor.com\/jujuy\/wp-content\/uploads\/2022\/06\/jujuy-iluminada-649x365.jpg 649w, https:\/\/notinor.com\/jujuy\/wp-content\/uploads\/2022\/06\/jujuy-iluminada-500x280.jpg 500w, https:\/\/notinor.com\/jujuy\/wp-content\/uploads\/2022\/06\/jujuy-iluminada-768x432.jpg 768w, https:\/\/notinor.com\/jujuy\/wp-content\/uploads\/2022\/06\/jujuy-iluminada-750x422.jpg 750w\" sizes=\"(max-width: 800px) 100vw, 800px\" \/><\/figure><\/div>\n\n\n\n<p>El Gobierno de Jujuy, a trav\u00e9s de la Secretar\u00eda de Energ\u00eda del Ministerio de Infraestructura, Servicios P\u00fablicos, Tierra y Vivienda (MISPTyV), concret\u00f3 la firma del contrato con la empresa Yutong S.A., por el que adquirir\u00e1 las luminarias previstas en la licitaci\u00f3n p\u00fablica del Plan Jujuy Iluminada, una de las proyecciones anunciadas por el Gobernador Gerardo Morales en la presentaci\u00f3n del Plan Maestro Plurianual de Desarrollo Jujuy 2021-2023.<\/p>\n\n\n\n<p>El contrato se firm\u00f3 en la sede del MISPTyV, con la presencia de su titular, ministro Carlos Stanic, el secretario de Energ\u00eda Mario Pizarro y los titulares de la empresa. \u201cHoy es un d\u00eda muy importante: firmamos el contrato con la empresa Yutong S.A., lo que nos va permitir dotar de luminarias de \u00faltima tecnolog\u00eda a diferentes municipios y comisiones municipales en todo el territorio provincial\u201d, expres\u00f3 el ministro de Infraestructura.<\/p>\n\n\n\n<p>Stanic ampli\u00f3 que \u201cen la pr\u00f3xima etapa, iniciaremos desde la Secretar\u00eda de Energ\u00eda el trabajo junto a los municipios y comisiones que nos permitir\u00e1 darle dimensi\u00f3n y planificaci\u00f3n, en la que priorizaremos la alta concentraci\u00f3n urbana\u201d, \u201clos equipos de energ\u00eda trabajan en este gran proyecto hace m\u00e1s de dos a\u00f1os, con relevamientos en toda la provincia que permitieron llegar a este punto, donde tenemos un panorama certero de las necesidades en materia de energ\u00edas de estas caracter\u00edsticas\u201d, sum\u00f3.<\/p>\n\n\n\n<p>Tambi\u00e9n, destac\u00f3 que \u201cuno de los puntos analizados por los equipos corresponde a lo que llamamos \u2018corredores seguros\u2019, garantizando as\u00ed el recambio de luminarias en los sectores que m\u00e1s lo necesitan en materia de seguridad, siendo este un punto fundamental que conforma este programa\u201d. Pizarro, a su vez, valor\u00f3 \u201cel camino de renovar de forma integral las luminarias p\u00fablicas en todo el territorio provincial para contribuir a la eficiencia de los sistemas de alumbrado p\u00fablico, y, con esto, a la mitigaci\u00f3n del cambio clim\u00e1tico\u201d.<\/p>\n\n\n\n<p>\u201cJujuy Verde es un norte en toda pol\u00edtica que desplegamos desde la gesti\u00f3n que encabeza el gobernador Gerardo Morales, y hoy dimos otro importante paso hacia ese futuro juje\u00f1o cada vez m\u00e1s en armon\u00eda con el hogar com\u00fan que es el planeta\u201d, agreg\u00f3. \"Con el Plan Maestro Jujuy, el gobernador Morales reafirm\u00f3 la pol\u00edtica de diversificaci\u00f3n energ\u00e9tica con transici\u00f3n hacia renovables, y tambi\u00e9n las de eficiencia energ\u00e9tica; en esta segunda pol\u00edtica es en la que se enmarca Jujuy Iluminada: desde el Gobierno de la Provincia, aportaremos para que cada jurisdicci\u00f3n local gane en ahorro y aporte a Jujuy Verde con menor impacto desde el uso de sus alumbrados p\u00fablicos\", englob\u00f3 el Secretario de Energ\u00eda.&nbsp;<\/p>\n","protected":false},"excerpt":{"rendered":"<p>El Plan Provincial Jujuy Iluminada tuvo la firma de contrato con la empresa que proveer\u00e1 53.000 luminarias LED para alumbrado p\u00fablico en el territorio juje\u00f1o. El Gobierno de Jujuy, a trav\u00e9s de la Secretar\u00eda de Energ\u00eda del Ministerio de Infraestructura, Servicios P\u00fablicos, Tierra y Vivienda (MISPTyV), concret\u00f3 la firma del contrato con la empresa Yutong [&hellip;]<\/p>\n","protected":false},"author":49,"featured_media":342815,"comment_status":"open","ping_status":"open","sticky":false,"template":"","format":"standard","meta":{"_stopmodifiedupdate":false,"_modified_date":"","inline_featured_image":false,"spay_email":"","jetpack_publicize_message":""},"categories":[2,514],"tags":[],"jetpack_featured_media_url":"https:\/\/notinor.com\/jujuy\/wp-content\/uploads\/2022\/06\/jujuy-iluminada.jpg","jetpack_publicize_connections":[],"_links":{"self":[{"href":"https:\/\/notinor.com\/jujuy\/wp-json\/wp\/v2\/posts\/342814"}],"collection":[{"href":"https:\/\/notinor.com\/jujuy\/wp-json\/wp\/v2\/posts"}],"about":[{"href":"https:\/\/notinor.com\/jujuy\/wp-json\/wp\/v2\/types\/post"}],"author":[{"embeddable":true,"href":"https:\/\/notinor.com\/jujuy\/wp-json\/wp\/v2\/users\/49"}],"replies":[{"embeddable":true,"href":"https:\/\/notinor.com\/jujuy\/wp-json\/wp\/v2\/comments?post=342814"}],"version-history":[{"count":1,"href":"https:\/\/notinor.com\/jujuy\/wp-json\/wp\/v2\/posts\/342814\/revisions"}],"predecessor-version":[{"id":342816,"href":"https:\/\/notinor.com\/jujuy\/wp-json\/wp\/v2\/posts\/342814\/revisions\/342816"}],"wp:featuredmedia":[{"embeddable":true,"href":"https:\/\/notinor.com\/jujuy\/wp-json\/wp\/v2\/media\/342815"}],"wp:attachment":[{"href":"https:\/\/notinor.com\/jujuy\/wp-json\/wp\/v2\/media?parent=342814"}],"wp:term":[{"taxonomy":"category","embeddable":true,"href":"https:\/\/notinor.com\/jujuy\/wp-json\/wp\/v2\/categories?post=342814"},{"taxonomy":"post_tag","embeddable":true,"href":"https:\/\/notinor.com\/jujuy\/wp-json\/wp\/v2\/tags?post=342814"}],"curies":[{"name":"wp","href":"https:\/\/api.w.org\/{rel}","templated":true}]}}