{"id":342795,"date":"2022-06-24T21:33:21","date_gmt":"2022-06-25T00:33:21","guid":{"rendered":"https:\/\/notinor.com\/jujuy\/?p=342795"},"modified":"2022-06-24T21:35:55","modified_gmt":"2022-06-25T00:35:55","slug":"jxc-recibio-a-las-industrias-agropecuarias-en-rio-cuarto","status":"publish","type":"post","link":"https:\/\/notinor.com\/jujuy\/jxc-recibio-a-las-industrias-agropecuarias-en-rio-cuarto\/","title":{"rendered":"JxC recibi\u00f3 a las industrias agropecuarias en R\u00edo Cuarto"},"content":{"rendered":"\n<p>Juntos por el Cambio se mostr\u00f3 consolidado en su proyecto de formar un nuevo plan de gobierno de cara al 2023. Gerardo Morales particip\u00f3 del encuentro y destac\u00f3 la importancia de escuchar las problem\u00e1ticas industriales.<\/p>\n\n\n\n<figure class=\"wp-block-image size-large\"><img decoding=\"async\" loading=\"lazy\" width=\"640\" height=\"480\" src=\"https:\/\/notinor.com\/jujuy\/wp-content\/uploads\/2022\/06\/Cumbre-JxC-2-640x480.jpeg\" alt=\"\" class=\"wp-image-342807\" srcset=\"https:\/\/notinor.com\/jujuy\/wp-content\/uploads\/2022\/06\/Cumbre-JxC-2-640x480.jpeg 640w, https:\/\/notinor.com\/jujuy\/wp-content\/uploads\/2022\/06\/Cumbre-JxC-2-487x365.jpeg 487w, https:\/\/notinor.com\/jujuy\/wp-content\/uploads\/2022\/06\/Cumbre-JxC-2-768x576.jpeg 768w, https:\/\/notinor.com\/jujuy\/wp-content\/uploads\/2022\/06\/Cumbre-JxC-2-750x563.jpeg 750w, https:\/\/notinor.com\/jujuy\/wp-content\/uploads\/2022\/06\/Cumbre-JxC-2-1140x855.jpeg 1140w, https:\/\/notinor.com\/jujuy\/wp-content\/uploads\/2022\/06\/Cumbre-JxC-2.jpeg 1280w\" sizes=\"(max-width: 640px) 100vw, 640px\" \/><\/figure>\n\n\n\n<p>Este viernes se llev\u00f3 adelante la tercera reuni\u00f3n de la <strong>Mesa Nacional de Juntos por el Cambio<\/strong> en la ciudad cordobesa de R\u00edo Cuarto. La jornada fue organizada por las cuatro fundaciones de los partidos representativos que conforman Juntos por el Cambio: fundaciones Alem (UCR), Pensar (PRO), Hannah Arendt (Coalici\u00f3n C\u00edvica-ARI) y Encuentro (Encuentro Republicano Federal).<\/p>\n\n\n\n<p>Bajo un tenue sol y las fr\u00edas r\u00e1fagas de viento en la Sociedad Rural, el evento dio inicio desde tempranas horas con la presencia del presidente del Comit\u00e9 Nacional de la UCR<strong>, Gerardo Morales,<\/strong> la presidenta del PRO, <strong>Patricia Bullrich,<\/strong> y sus pares de la Coalici\u00f3n C\u00edvica, <strong>Maximiliano Ferraro <\/strong>y de Encuentro Republicano Federal, <strong>Miguel \u00c1ngel Pichetto<\/strong>. Adem\u00e1s, la exgobernadora bonaerense <strong>Mar\u00eda Eugenia Vidal <\/strong>dijo presente por la bancada amarilla.<\/p>\n\n\n\n<p>Todos ellos se reunieron antes de iniciar con las exposiciones y disertaron en la Mesa Nacional de JxC, que fue ampliada para dar lugar tambi\u00e9n a los diputados provinciales del espacio pol\u00edtico. El frente se mostr\u00f3 unido y la ampliaci\u00f3n de la mesa fue un punto positivo de cara al armado del plan de gobierno.<\/p>\n\n\n\n<p>Tras esto, los oradores representantes de la industria del agro subieron por tandas al escenario para dar a conocer sus preocupaciones ante los referentes de la oposici\u00f3n. Con Gerardo Morales en primera fila, la jornada se dividi\u00f3 en cuatro bloques de exposiciones: cadenas productivas de la regi\u00f3n; agroindustria, motor del desarrollo; innovaci\u00f3n y proyecci\u00f3n internacional del sector.<\/p>\n\n\n\n<figure class=\"wp-block-image size-large\"><img decoding=\"async\" loading=\"lazy\" width=\"640\" height=\"480\" src=\"https:\/\/notinor.com\/jujuy\/wp-content\/uploads\/2022\/06\/Cumbre-JxC-Morales-2-1-640x480.jpeg\" alt=\"\" class=\"wp-image-342808\" srcset=\"https:\/\/notinor.com\/jujuy\/wp-content\/uploads\/2022\/06\/Cumbre-JxC-Morales-2-1-640x480.jpeg 640w, https:\/\/notinor.com\/jujuy\/wp-content\/uploads\/2022\/06\/Cumbre-JxC-Morales-2-1-487x365.jpeg 487w, https:\/\/notinor.com\/jujuy\/wp-content\/uploads\/2022\/06\/Cumbre-JxC-Morales-2-1-768x576.jpeg 768w, https:\/\/notinor.com\/jujuy\/wp-content\/uploads\/2022\/06\/Cumbre-JxC-Morales-2-1-750x563.jpeg 750w, https:\/\/notinor.com\/jujuy\/wp-content\/uploads\/2022\/06\/Cumbre-JxC-Morales-2-1-1140x855.jpeg 1140w, https:\/\/notinor.com\/jujuy\/wp-content\/uploads\/2022\/06\/Cumbre-JxC-Morales-2-1.jpeg 1280w\" sizes=\"(max-width: 640px) 100vw, 640px\" \/><figcaption>Gerardo Morales en la Mesa Nacional de Juntos por el Cambio.<\/figcaption><\/figure>\n\n\n\n<p>Esta se trat\u00f3 de la tercera reuni\u00f3n que mantienen los altos mandos de JxC para tratar diferentes problem\u00e1ticas actuales. El objetivo del frente opositor es trabajar en un plan de gobierno que pueda atender las necesidades econ\u00f3micas, sociales e industriales del pa\u00eds de cara a un triunfo en las urnas el pr\u00f3ximo a\u00f1o.<\/p>\n\n\n\n<p>Adem\u00e1s, estas jornadas tienen el aditivo de ir limando las asperezas dentro del frente y mantener la unidad hasta terminar de definir a los candidatos presidenciales. Todav\u00eda restan por realizarse otras cuatro cumbres de la mesa chica de JxC: en Neuqu\u00e9n, para hablar sobre la problem\u00e1tica de la energ\u00eda; en Jujuy, para tratar las econom\u00edas regionales; en Santa Fe y Paran\u00e1 para debatir respecto a la producci\u00f3n nacional. <\/p>\n\n\n\n<p>El gobernador juje\u00f1o, <strong>Gerardo Morales,<\/strong> particip\u00f3 con creces del evento y se mantuvo en la primera fila escuchando atentamente las declaraciones de los sectores agroindustriales. Tras esto, el mandatario dialog\u00f3 con la prensa y ratific\u00f3 la importancia de este tipo de encuentros, ponderando la necesidad de fortalecer los polos industriales del pa\u00eds.<\/p>\n\n\n\n<p>Esto coincide con sus dichos anteriores a nuestro medio, el d\u00eda jueves tras su visita al Frigor\u00edfico Livorno, cuando declar\u00f3 que <strong>\"la relaci\u00f3n entre la UCR y el PRO se encuentra muy bien\".<\/strong> En aquella ocasi\u00f3n, Morales ponder\u00f3 indic\u00f3 sobre Juntos por el Cambio: \"queremos salir de la grieta y buscar el consenso\".<\/p>\n\n\n\n<p>\"Tenemos unidad en el marco de la diversidad y le damos se\u00f1ales a la sociedad de ser una fuerza pol\u00edtica racional. Las elecciones no las ganar\u00e1 la irracionalidad\", hab\u00eda declarado Morales a nuestro medio un d\u00eda antes de la cumbre de JxC. Finalmente, los integrantes de la oposici\u00f3n presentes este viernes en la Sociedad Rural le dieron la raz\u00f3n y afirmaron sentirse unidos de cara al armado pol\u00edtico para el pr\u00f3ximo a\u00f1o.<\/p>\n\n\n\n<div class=\"wp-block-jetpack-slideshow aligncenter\" data-effect=\"slide\"><div class=\"wp-block-jetpack-slideshow_container swiper-container\"><ul class=\"wp-block-jetpack-slideshow_swiper-wrapper swiper-wrapper\"><li class=\"wp-block-jetpack-slideshow_slide swiper-slide\"><figure><img decoding=\"async\" loading=\"lazy\" width=\"640\" height=\"480\" alt=\"\" class=\"wp-block-jetpack-slideshow_image wp-image-342809\" data-id=\"342809\" src=\"https:\/\/notinor.com\/jujuy\/wp-content\/uploads\/2022\/06\/Cumbre-JxC-3-640x480.jpeg\" srcset=\"https:\/\/notinor.com\/jujuy\/wp-content\/uploads\/2022\/06\/Cumbre-JxC-3-640x480.jpeg 640w, https:\/\/notinor.com\/jujuy\/wp-content\/uploads\/2022\/06\/Cumbre-JxC-3-487x365.jpeg 487w, https:\/\/notinor.com\/jujuy\/wp-content\/uploads\/2022\/06\/Cumbre-JxC-3-768x576.jpeg 768w, https:\/\/notinor.com\/jujuy\/wp-content\/uploads\/2022\/06\/Cumbre-JxC-3-750x563.jpeg 750w, https:\/\/notinor.com\/jujuy\/wp-content\/uploads\/2022\/06\/Cumbre-JxC-3-1140x855.jpeg 1140w, https:\/\/notinor.com\/jujuy\/wp-content\/uploads\/2022\/06\/Cumbre-JxC-3.jpeg 1280w\" sizes=\"(max-width: 640px) 100vw, 640px\" \/><\/figure><\/li><li class=\"wp-block-jetpack-slideshow_slide swiper-slide\"><figure><img decoding=\"async\" loading=\"lazy\" width=\"640\" height=\"480\" alt=\"\" class=\"wp-block-jetpack-slideshow_image wp-image-342810\" data-id=\"342810\" src=\"https:\/\/notinor.com\/jujuy\/wp-content\/uploads\/2022\/06\/Cumbre-JxC-640x480.jpeg\" srcset=\"https:\/\/notinor.com\/jujuy\/wp-content\/uploads\/2022\/06\/Cumbre-JxC-640x480.jpeg 640w, https:\/\/notinor.com\/jujuy\/wp-content\/uploads\/2022\/06\/Cumbre-JxC-487x365.jpeg 487w, https:\/\/notinor.com\/jujuy\/wp-content\/uploads\/2022\/06\/Cumbre-JxC-768x576.jpeg 768w, https:\/\/notinor.com\/jujuy\/wp-content\/uploads\/2022\/06\/Cumbre-JxC-750x563.jpeg 750w, https:\/\/notinor.com\/jujuy\/wp-content\/uploads\/2022\/06\/Cumbre-JxC-1140x855.jpeg 1140w, https:\/\/notinor.com\/jujuy\/wp-content\/uploads\/2022\/06\/Cumbre-JxC.jpeg 1280w\" sizes=\"(max-width: 640px) 100vw, 640px\" \/><\/figure><\/li><li class=\"wp-block-jetpack-slideshow_slide swiper-slide\"><figure><img decoding=\"async\" loading=\"lazy\" width=\"640\" height=\"480\" alt=\"\" class=\"wp-block-jetpack-slideshow_image wp-image-342808\" data-id=\"342808\" src=\"https:\/\/notinor.com\/jujuy\/wp-content\/uploads\/2022\/06\/Cumbre-JxC-Morales-2-1-640x480.jpeg\" srcset=\"https:\/\/notinor.com\/jujuy\/wp-content\/uploads\/2022\/06\/Cumbre-JxC-Morales-2-1-640x480.jpeg 640w, https:\/\/notinor.com\/jujuy\/wp-content\/uploads\/2022\/06\/Cumbre-JxC-Morales-2-1-487x365.jpeg 487w, https:\/\/notinor.com\/jujuy\/wp-content\/uploads\/2022\/06\/Cumbre-JxC-Morales-2-1-768x576.jpeg 768w, https:\/\/notinor.com\/jujuy\/wp-content\/uploads\/2022\/06\/Cumbre-JxC-Morales-2-1-750x563.jpeg 750w, https:\/\/notinor.com\/jujuy\/wp-content\/uploads\/2022\/06\/Cumbre-JxC-Morales-2-1-1140x855.jpeg 1140w, https:\/\/notinor.com\/jujuy\/wp-content\/uploads\/2022\/06\/Cumbre-JxC-Morales-2-1.jpeg 1280w\" sizes=\"(max-width: 640px) 100vw, 640px\" \/><\/figure><\/li><li class=\"wp-block-jetpack-slideshow_slide swiper-slide\"><figure><img decoding=\"async\" loading=\"lazy\" width=\"640\" height=\"480\" alt=\"\" class=\"wp-block-jetpack-slideshow_image wp-image-342807\" data-id=\"342807\" src=\"https:\/\/notinor.com\/jujuy\/wp-content\/uploads\/2022\/06\/Cumbre-JxC-2-640x480.jpeg\" srcset=\"https:\/\/notinor.com\/jujuy\/wp-content\/uploads\/2022\/06\/Cumbre-JxC-2-640x480.jpeg 640w, https:\/\/notinor.com\/jujuy\/wp-content\/uploads\/2022\/06\/Cumbre-JxC-2-487x365.jpeg 487w, https:\/\/notinor.com\/jujuy\/wp-content\/uploads\/2022\/06\/Cumbre-JxC-2-768x576.jpeg 768w, https:\/\/notinor.com\/jujuy\/wp-content\/uploads\/2022\/06\/Cumbre-JxC-2-750x563.jpeg 750w, https:\/\/notinor.com\/jujuy\/wp-content\/uploads\/2022\/06\/Cumbre-JxC-2-1140x855.jpeg 1140w, https:\/\/notinor.com\/jujuy\/wp-content\/uploads\/2022\/06\/Cumbre-JxC-2.jpeg 1280w\" sizes=\"(max-width: 640px) 100vw, 640px\" \/><\/figure><\/li><\/ul><a class=\"wp-block-jetpack-slideshow_button-prev swiper-button-prev swiper-button-white\" role=\"button\"><\/a><a class=\"wp-block-jetpack-slideshow_button-next swiper-button-next swiper-button-white\" role=\"button\"><\/a><a aria-label=\"Pause Slideshow\" class=\"wp-block-jetpack-slideshow_button-pause\" role=\"button\"><\/a><div class=\"wp-block-jetpack-slideshow_pagination swiper-pagination swiper-pagination-white\"><\/div><\/div><\/div>\n","protected":false},"excerpt":{"rendered":"<p>Juntos por el Cambio se mostr\u00f3 consolidado en su proyecto de formar un nuevo plan de gobierno de cara al 2023. Gerardo Morales particip\u00f3 del encuentro y destac\u00f3 la importancia de escuchar las problem\u00e1ticas industriales. Este viernes se llev\u00f3 adelante la tercera reuni\u00f3n de la Mesa Nacional de Juntos por el Cambio en la ciudad [&hellip;]<\/p>\n","protected":false},"author":5,"featured_media":342807,"comment_status":"open","ping_status":"open","sticky":false,"template":"","format":"standard","meta":{"_stopmodifiedupdate":false,"_modified_date":"","inline_featured_image":false,"spay_email":"","jetpack_publicize_message":""},"categories":[2,501],"tags":[],"jetpack_featured_media_url":"https:\/\/notinor.com\/jujuy\/wp-content\/uploads\/2022\/06\/Cumbre-JxC-2.jpeg","jetpack_publicize_connections":[],"_links":{"self":[{"href":"https:\/\/notinor.com\/jujuy\/wp-json\/wp\/v2\/posts\/342795"}],"collection":[{"href":"https:\/\/notinor.com\/jujuy\/wp-json\/wp\/v2\/posts"}],"about":[{"href":"https:\/\/notinor.com\/jujuy\/wp-json\/wp\/v2\/types\/post"}],"author":[{"embeddable":true,"href":"https:\/\/notinor.com\/jujuy\/wp-json\/wp\/v2\/users\/5"}],"replies":[{"embeddable":true,"href":"https:\/\/notinor.com\/jujuy\/wp-json\/wp\/v2\/comments?post=342795"}],"version-history":[{"count":1,"href":"https:\/\/notinor.com\/jujuy\/wp-json\/wp\/v2\/posts\/342795\/revisions"}],"predecessor-version":[{"id":342812,"href":"https:\/\/notinor.com\/jujuy\/wp-json\/wp\/v2\/posts\/342795\/revisions\/342812"}],"wp:featuredmedia":[{"embeddable":true,"href":"https:\/\/notinor.com\/jujuy\/wp-json\/wp\/v2\/media\/342807"}],"wp:attachment":[{"href":"https:\/\/notinor.com\/jujuy\/wp-json\/wp\/v2\/media?parent=342795"}],"wp:term":[{"taxonomy":"category","embeddable":true,"href":"https:\/\/notinor.com\/jujuy\/wp-json\/wp\/v2\/categories?post=342795"},{"taxonomy":"post_tag","embeddable":true,"href":"https:\/\/notinor.com\/jujuy\/wp-json\/wp\/v2\/tags?post=342795"}],"curies":[{"name":"wp","href":"https:\/\/api.w.org\/{rel}","templated":true}]}}