{"id":342413,"date":"2022-06-22T11:28:38","date_gmt":"2022-06-22T14:28:38","guid":{"rendered":"https:\/\/notinor.com\/jujuy\/?p=342413"},"modified":"2022-06-22T11:28:42","modified_gmt":"2022-06-22T14:28:42","slug":"choco-y-se-incendio-un-avion-de-126-pasajeros-en-miami-video","status":"publish","type":"post","link":"https:\/\/notinor.com\/jujuy\/choco-y-se-incendio-un-avion-de-126-pasajeros-en-miami-video\/","title":{"rendered":"Choc\u00f3 y se incendi\u00f3 un avi\u00f3n de 126 pasajeros en Miami (video)"},"content":{"rendered":"\n<p>Un avi\u00f3n de pasajeros, con 126 personas a bordo, de una aerol\u00ednea low cost de Rep\u00fablica Dominicana se estrell\u00f3 e incendi\u00f3 este martes en el Aeropuerto Internacional de Miami sin que se registraran v\u00edctimas fatales.<\/p>\n\n\n\n<div class=\"wp-block-image\"><figure class=\"aligncenter size-large\"><img decoding=\"async\" loading=\"lazy\" width=\"700\" height=\"438\" src=\"https:\/\/notinor.com\/jujuy\/wp-content\/uploads\/2022\/06\/avion.jpg\" alt=\"\" class=\"wp-image-342415\" srcset=\"https:\/\/notinor.com\/jujuy\/wp-content\/uploads\/2022\/06\/avion.jpg 700w, https:\/\/notinor.com\/jujuy\/wp-content\/uploads\/2022\/06\/avion-583x365.jpg 583w\" sizes=\"(max-width: 700px) 100vw, 700px\" \/><\/figure><\/div>\n\n\n\n<p>Seg\u00fan El Nuevo Herald de Miami, al menos tres personas resultaron heridas por el accidente del vuelo 203 de RED Air, que sufri\u00f3 mal funcionamiento en el tren de aterrizaje, por lo que patin\u00f3 en la pista y se detuvo en un \u00e1rea cubierta de pasto.<\/p>\n\n\n\n<p>Publicaciones en las redes sociales mostraban a los pasajeros alej\u00e1ndose del avi\u00f3n, algunos cargando a sus hijos, otros corriendo con su equipaje de mano y varios m\u00e1s grabando videos con tel\u00e9fonos celulares.<\/p>\n\n\n\n<p>\"Red Air\" aerol\u00ednea dominicanaEs tendencia porque informan que un avi\u00f3n de dicha aerol\u00ednea se incendi\u00f3 luego de aterrizar en el Aeropuerto Internacional de Miami pic.twitter.com\/HCFyx0TeHX<\/p>\n\n\n\n<p>Qu\u00e9 sucedi\u00f3<\/p>\n\n\n\n<p>\"Cuando llegaron nuestros equipos de bomberos vieron que el ala del avi\u00f3n estaba en llamas y r\u00e1pidamente trataron de apagar el fuego utilizando camiones de espuma especializados\", expres\u00f3 Erika Ben\u00edtez, vocera del Departamento de Bomberos y Rescate de Miami-Dade.<\/p>\n\n\n\n<p>\"Todos los pasajeros pudieron salir del avi\u00f3n, las tres personas heridas fueron trasladadas a hospitales locales\u2019\u2019, coment\u00f3 Ben\u00edtez, mientras los bomberos trabajaban para mitigar un derrame de combustible en la pista.<\/p>\n\n\n\n<p>El avi\u00f3n \"rasp\u00f3\" la pista sur m\u00e1s cercana a Perimeter Road, la m\u00e1s inmediata a la autopista 836 (Dolphins Expressway) y no golpe\u00f3 nada m\u00e1s, seg\u00fan el portavoz del aeropuerto, Gregory Chin.<\/p>\n\n\n\n<p>Retraso en vuelos<\/p>\n\n\n\n<p>El accidente oblig\u00f3 a las autoridades a cerrar dos pistas, lo que retras\u00f3 varios vuelos. Pero la secci\u00f3n m\u00e1s concurrida del aeropuerto, el extremo norte, donde American Airlines dispone del 70 por ciento del tr\u00e1fico a\u00e9reo, no se vio afectada.<\/p>\n\n\n\n<p>El avi\u00f3n, un McDonnell Douglas MD-80 llegaba de Rep\u00fablica Dominicana, la base de operaciones de RED Air, una aerol\u00ednea fundada el a\u00f1o pasado con la esperanza de expandirse por Am\u00e9rica Latina.<\/p>\n\n\n\n<figure class=\"wp-block-embed-twitter wp-block-embed is-type-rich is-provider-twitter\"><div class=\"wp-block-embed__wrapper\">\n<blockquote class=\"twitter-tweet\" data-width=\"500\" data-dnt=\"true\"><p lang=\"es\" dir=\"ltr\">&quot;Red Air&quot; aerol\u00ednea dominicana<br><br>Es tendencia porque informan que un avi\u00f3n de dicha aerol\u00ednea se incendi\u00f3 luego de aterrizar en el Aeropuerto Internacional de Miami <a href=\"https:\/\/t.co\/HCFyx0TeHX\">pic.twitter.com\/HCFyx0TeHX<\/a><\/p>&mdash; \u00bfPor qu\u00e9 es tendencia? (@estendenciavzl) <a href=\"https:\/\/twitter.com\/estendenciavzl\/status\/1539397948026540032?ref_src=twsrc%5Etfw\">June 22, 2022<\/a><\/blockquote><script async src=\"https:\/\/platform.twitter.com\/widgets.js\" charset=\"utf-8\"><\/script>\n<\/div><\/figure>\n\n\n\n<figure class=\"wp-block-embed-twitter wp-block-embed is-type-rich is-provider-twitter\"><div class=\"wp-block-embed__wrapper\">\n<blockquote class=\"twitter-tweet\" data-width=\"500\" data-dnt=\"true\"><p lang=\"es\" dir=\"ltr\">\ud83c\uddfa\ud83c\uddf8 | Tres heridos en avi\u00f3n que se incendi\u00f3 al aterrizar en aeropuerto de Miami. El vuelo proced\u00eda de Santo Domingo, la mayor\u00eda de los pasajeros en conexi\u00f3n desde Venezuela. <a href=\"https:\/\/t.co\/f1MwyfN8JW\">pic.twitter.com\/f1MwyfN8JW<\/a><\/p>&mdash; Alerta Mundial (@AIertaMundiaI) <a href=\"https:\/\/twitter.com\/AIertaMundiaI\/status\/1539597633752367105?ref_src=twsrc%5Etfw\">June 22, 2022<\/a><\/blockquote><script async src=\"https:\/\/platform.twitter.com\/widgets.js\" charset=\"utf-8\"><\/script>\n<\/div><\/figure>\n","protected":false},"excerpt":{"rendered":"<p>Un avi\u00f3n de pasajeros, con 126 personas a bordo, de una aerol\u00ednea low cost de Rep\u00fablica Dominicana se estrell\u00f3 e incendi\u00f3 este martes en el Aeropuerto Internacional de Miami sin que se registraran v\u00edctimas fatales. Seg\u00fan El Nuevo Herald de Miami, al menos tres personas resultaron heridas por el accidente del vuelo 203 de RED [&hellip;]<\/p>\n","protected":false},"author":5,"featured_media":342415,"comment_status":"open","ping_status":"open","sticky":false,"template":"","format":"standard","meta":{"_stopmodifiedupdate":false,"_modified_date":"","inline_featured_image":false,"spay_email":"","jetpack_publicize_message":""},"categories":[6],"tags":[],"jetpack_featured_media_url":"https:\/\/notinor.com\/jujuy\/wp-content\/uploads\/2022\/06\/avion.jpg","jetpack_publicize_connections":[],"_links":{"self":[{"href":"https:\/\/notinor.com\/jujuy\/wp-json\/wp\/v2\/posts\/342413"}],"collection":[{"href":"https:\/\/notinor.com\/jujuy\/wp-json\/wp\/v2\/posts"}],"about":[{"href":"https:\/\/notinor.com\/jujuy\/wp-json\/wp\/v2\/types\/post"}],"author":[{"embeddable":true,"href":"https:\/\/notinor.com\/jujuy\/wp-json\/wp\/v2\/users\/5"}],"replies":[{"embeddable":true,"href":"https:\/\/notinor.com\/jujuy\/wp-json\/wp\/v2\/comments?post=342413"}],"version-history":[{"count":1,"href":"https:\/\/notinor.com\/jujuy\/wp-json\/wp\/v2\/posts\/342413\/revisions"}],"predecessor-version":[{"id":342418,"href":"https:\/\/notinor.com\/jujuy\/wp-json\/wp\/v2\/posts\/342413\/revisions\/342418"}],"wp:featuredmedia":[{"embeddable":true,"href":"https:\/\/notinor.com\/jujuy\/wp-json\/wp\/v2\/media\/342415"}],"wp:attachment":[{"href":"https:\/\/notinor.com\/jujuy\/wp-json\/wp\/v2\/media?parent=342413"}],"wp:term":[{"taxonomy":"category","embeddable":true,"href":"https:\/\/notinor.com\/jujuy\/wp-json\/wp\/v2\/categories?post=342413"},{"taxonomy":"post_tag","embeddable":true,"href":"https:\/\/notinor.com\/jujuy\/wp-json\/wp\/v2\/tags?post=342413"}],"curies":[{"name":"wp","href":"https:\/\/api.w.org\/{rel}","templated":true}]}}