{"id":342406,"date":"2022-06-22T11:04:00","date_gmt":"2022-06-22T14:04:00","guid":{"rendered":"https:\/\/notinor.com\/jujuy\/?p=342406"},"modified":"2022-06-22T11:04:04","modified_gmt":"2022-06-22T14:04:04","slug":"garganta-profunda-el-error-de-alberto-fernandez-que-desato-una-catarata-de-memes","status":"publish","type":"post","link":"https:\/\/notinor.com\/jujuy\/garganta-profunda-el-error-de-alberto-fernandez-que-desato-una-catarata-de-memes\/","title":{"rendered":"\u201cGarganta profunda\u201d: el error de Alberto Fern\u00e1ndez que desat\u00f3 una catarata de memes"},"content":{"rendered":"\n<p>Este lunes al mediod\u00eda, el presidente Alberto Fern\u00e1ndez cometi\u00f3 un furcio durante el discurso que pronunci\u00f3 en el Museo del Bicentenario y las redes sociales no lo perdonaron.<\/p>\n\n\n\n<figure class=\"wp-block-image\"><img decoding=\"async\" src=\"https:\/\/www.diariopopular.com.ar\/mrf4u\/statics\/i\/ps\/media.diariopopular.com.ar\/p\/04c54f4d4f237383a451fa33c8ec4d3b\/adjuntos\/143\/imagenes\/008\/006\/0008006349\/1140x0\/smart\/alberto-triste-mejorjpg.jpg\" alt=\"Alberto Fern\u00e1ndez despidi\u00f3 a Enrique Pinti\"\/><\/figure>\n\n\n\n<p>El Jefe de Estado confundi\u00f3 el nombre de la revista de cultura villera Garganta Poderosa con Garganta Profunda, el sobrenombre elocuente del esp\u00eda del FBI que filtr\u00f3 todos los secretos del caso Watergate.<\/p>\n\n\n\n<p>\u201c\u2026Mi eterna deuda de gratitud con cada una de esas organizaciones; ah\u00ed veo al compa\u00f1ero de garganta profunda, c\u00f3mo \u00e9l miles\u2026 No, de garganta poderosa, poderosa, poderosa\u2026 Bueno, profunda tambi\u00e9n porque en esa revista nos ense\u00f1aron varias cosas ocultas\u201d, dijo en medio de su exposici\u00f3n.<\/p>\n\n\n\n<figure class=\"wp-block-image\"><img decoding=\"async\" src=\"https:\/\/cloudfront-us-east-1.images.arcpublishing.com\/infobae\/HXYOOLQ7XVFHJG54W43EF4O7MI.JPG\" alt=\"\"\/><\/figure>\n\n\n\n<p>Los dichos del Presidente causaron algunas risas c\u00f3mplices y otras caras de asombro entre los que estaban presentes; entre ellos el Nobel Adolfo P\u00e9rez Esquivel, quien acompa\u00f1\u00f3 al mandatario en el lanzamiento del III Foro Mundial de Derechos Humanos que se realizar\u00e1 en CABA en 2023.<\/p>\n\n\n\n<p>Pocos minutos despu\u00e9s&nbsp;<strong>el hastag #GargantaProfunda se convirti\u00f3 en tendencia en Twitter:<\/strong>&nbsp;los usuarios se despacharon con cargadas y chistes contra el Presidente y los comentarios fueron m\u00e1s que elocuentes.<\/p>\n\n\n\n<figure class=\"wp-block-image\"><img decoding=\"async\" src=\"https:\/\/cloudfront-us-east-1.images.arcpublishing.com\/infobae\/5G4RXX4RIJGSHOPZWZ4MZ4HD7I.jpeg\" alt=\"\"\/><\/figure>\n\n\n\n<p>Aunque algunos de ellos fueron un poco subidos de tono, la mayor\u00eda hizo hincapi\u00e9 en el papel\u00f3n presidencial y la red social de Pajarito se inund\u00f3 con divertidas im\u00e1genes que hac\u00edan referencia a lo ocurrido.<\/p>\n\n\n\n<p><strong>\u201cMam\u00e1 no busques garganta profunda en Google\u201d,<\/strong>&nbsp;escribi\u00f3 @PConurbano en alusi\u00f3n al filme para mayores de edad que revolucion\u00f3 a la sociedad estadounidense 50 a\u00f1os atr\u00e1s.<\/p>\n\n\n\n<figure class=\"wp-block-image\"><img decoding=\"async\" src=\"https:\/\/cloudfront-us-east-1.images.arcpublishing.com\/infobae\/5H3FZILJQVD5RMT7MZKEHN4WDA.jpg\" alt=\"\"\/><\/figure>\n\n\n\n<p><strong>\u201cAh\u00ed veo al compa\u00f1ero de Garganta profunda\u201d<\/strong>, tuite\u00f3 @EpitafioDeSicil junta a una imagen de March Simpson tap\u00e1ndose de la cara de la verg\u00fcenza, tal como hubiese querido hacerlo el periodista Nacho Leavy cuando Alberto Fern\u00e1ndez lo mencion\u00f3.<\/p>\n\n\n\n<figure class=\"wp-block-image\"><img decoding=\"async\" src=\"https:\/\/cloudfront-us-east-1.images.arcpublishing.com\/infobae\/BIHAPFUUQBBW3K6M4IIT4SGIZE.jpg\" alt=\"\"\/><\/figure>\n\n\n\n<p>Mark Felt alias \u201cGarganta Profunda\u201d fue due\u00f1o de los secretos m\u00e1s importantes de la historia contempor\u00e1nea de Estados Unidos y lo cont\u00f3 todo. Revel\u00f3 lo que sab\u00eda a un periodista, Bob Woodward, del Washington Post. Woodward y su colega, Carl Bernstein investigaron a fondo el caso Watergate y el Washington Post gan\u00f3 hace cuarenta y ocho a\u00f1os el Premio Pulitzer por aquel \u00e9xito period\u00edstico.<\/p>\n\n\n\n<p>El Post gan\u00f3 el premio el 7 de mayo de 1973 y Richard Nixon tuvo que renunciar el 8 de agosto de 1974, fue el primer presidente de Estados Unidos en dejar su cargo.<\/p>\n\n\n\n<figure class=\"wp-block-image\"><img decoding=\"async\" src=\"https:\/\/cloudfront-us-east-1.images.arcpublishing.com\/infobae\/PQD2EDMLCBGY3BPGZMNRJ52C7Y.jpeg\" alt=\"\"\/><\/figure>\n\n\n\n<p>El nombre del tipo que sab\u00eda todo y cont\u00f3 todo, o casi todo, tambi\u00e9n fue un secreto: el mejor guardado de la historia del periodismo. Su nombre, como fuente an\u00f3nima, se mantuvo oculto durante treinta y tres a\u00f1os bajo un apodo elocuente, \u201cGarganta Profunda\u201d, que era el t\u00edtulo de una pel\u00edcula porno con pretensiones de cine de culto, pero que tambi\u00e9n simbolizaba un atributo de aquella fuente an\u00f3nima, que ten\u00eda una voz grave, oscura, subterr\u00e1nea e intensa.<\/p>\n\n\n\n<figure class=\"wp-block-image\"><img decoding=\"async\" src=\"https:\/\/cloudfront-us-east-1.images.arcpublishing.com\/infobae\/HSKYXTRHV5AAXCGUINIUKF4DJE.jpeg\" alt=\"\"\/><\/figure>\n","protected":false},"excerpt":{"rendered":"<p>Este lunes al mediod\u00eda, el presidente Alberto Fern\u00e1ndez cometi\u00f3 un furcio durante el discurso que pronunci\u00f3 en el Museo del Bicentenario y las redes sociales no lo perdonaron. El Jefe de Estado confundi\u00f3 el nombre de la revista de cultura villera Garganta Poderosa con Garganta Profunda, el sobrenombre elocuente del esp\u00eda del FBI que filtr\u00f3 [&hellip;]<\/p>\n","protected":false},"author":40,"featured_media":342407,"comment_status":"open","ping_status":"open","sticky":false,"template":"","format":"standard","meta":{"_stopmodifiedupdate":false,"_modified_date":"","inline_featured_image":false,"spay_email":"","jetpack_publicize_message":""},"categories":[17,13],"tags":[],"jetpack_featured_media_url":"https:\/\/notinor.com\/jujuy\/wp-content\/uploads\/2022\/06\/Dise\u00f1o-sin-t\u00edtulo-41.jpg","jetpack_publicize_connections":[],"_links":{"self":[{"href":"https:\/\/notinor.com\/jujuy\/wp-json\/wp\/v2\/posts\/342406"}],"collection":[{"href":"https:\/\/notinor.com\/jujuy\/wp-json\/wp\/v2\/posts"}],"about":[{"href":"https:\/\/notinor.com\/jujuy\/wp-json\/wp\/v2\/types\/post"}],"author":[{"embeddable":true,"href":"https:\/\/notinor.com\/jujuy\/wp-json\/wp\/v2\/users\/40"}],"replies":[{"embeddable":true,"href":"https:\/\/notinor.com\/jujuy\/wp-json\/wp\/v2\/comments?post=342406"}],"version-history":[{"count":1,"href":"https:\/\/notinor.com\/jujuy\/wp-json\/wp\/v2\/posts\/342406\/revisions"}],"predecessor-version":[{"id":342408,"href":"https:\/\/notinor.com\/jujuy\/wp-json\/wp\/v2\/posts\/342406\/revisions\/342408"}],"wp:featuredmedia":[{"embeddable":true,"href":"https:\/\/notinor.com\/jujuy\/wp-json\/wp\/v2\/media\/342407"}],"wp:attachment":[{"href":"https:\/\/notinor.com\/jujuy\/wp-json\/wp\/v2\/media?parent=342406"}],"wp:term":[{"taxonomy":"category","embeddable":true,"href":"https:\/\/notinor.com\/jujuy\/wp-json\/wp\/v2\/categories?post=342406"},{"taxonomy":"post_tag","embeddable":true,"href":"https:\/\/notinor.com\/jujuy\/wp-json\/wp\/v2\/tags?post=342406"}],"curies":[{"name":"wp","href":"https:\/\/api.w.org\/{rel}","templated":true}]}}