{"id":342384,"date":"2022-06-22T10:27:53","date_gmt":"2022-06-22T13:27:53","guid":{"rendered":"https:\/\/notinor.com\/jujuy\/?p=342384"},"modified":"2022-06-22T10:44:17","modified_gmt":"2022-06-22T13:44:17","slug":"crisis-en-el-frente-renovador-le-piden-a-massa-que-rompa-y-renuncie-a-la-presidencia-de-diputados","status":"publish","type":"post","link":"https:\/\/notinor.com\/jujuy\/crisis-en-el-frente-renovador-le-piden-a-massa-que-rompa-y-renuncie-a-la-presidencia-de-diputados\/","title":{"rendered":"Crisis en el Frente Renovador: le piden a Massa que rompa y renuncie a la Presidencia de Diputados"},"content":{"rendered":"\n<p>Los principales dirigentes del massismo plantean esa salida si Alberto no hace cambios en el Gobierno. Quieren convocar a un plenario nacional para debatir la continuidad en el Frente de Todos.<\/p>\n\n\n\n<figure class=\"wp-block-image size-large is-resized\"><img decoding=\"async\" loading=\"lazy\" src=\"https:\/\/notinor.com\/jujuy\/wp-content\/uploads\/2022\/06\/Dise\u00f1o-sin-t\u00edtulo-38.jpg\" alt=\"\" class=\"wp-image-342385\" width=\"1095\" height=\"548\" srcset=\"https:\/\/notinor.com\/jujuy\/wp-content\/uploads\/2022\/06\/Dise\u00f1o-sin-t\u00edtulo-38.jpg 600w, https:\/\/notinor.com\/jujuy\/wp-content\/uploads\/2022\/06\/Dise\u00f1o-sin-t\u00edtulo-38-360x180.jpg 360w\" sizes=\"(max-width: 1095px) 100vw, 1095px\" \/><\/figure>\n\n\n\n<p>Cristina Kirchner inaugur\u00f3 con su discurso de este lunes la temporada electoral. Las replicas de ese movimiento alcanzaron al Frente Renovador. Sus principales dirigentes se cansaron de esperar una \"reorganizaci\u00f3n\" del gobierno que Alberto Fern\u00e1ndez hab\u00eda acordado con Massa en el viaje que compartieron a Los \u00c1ngeles.<\/p>\n\n\n\n<p>Muy preocupados por quedar licuados en la din\u00e1mica de desgaste que plantea la gesti\u00f3n de Alberto, los principales dirigentes del massismo le plantearon a su jefe que le d\u00e9 un ultim\u00e1tum al Presidente: O avanza con los cambios o rompen con el Frente de Todos.&nbsp;<\/p>\n\n\n\n<p>Para debatir un paso tan determinante le est\u00e1n pidiendo a Massa que convoque a un plenario nacional del Frente de Todos, confirmaron fuentes del massismo.\u00a0<\/p>\n\n\n\n<p>Incluso algunos le est\u00e1n pidiendo que directamente renuncie a la presidencia de la C\u00e1mara de Diputados para \"liberarse\" de responsabilidades institucionales y poder hacer pol\u00edtica con mayores grados de libertad.&nbsp;<\/p>\n\n\n\n<p>El planteo m\u00e1s duro proviene de los intendentes y legisladores de la provincia de Buenos Aires. Pero tambi\u00e9n lo acompa\u00f1an intendentes y legisladores de R\u00edo Negro, Chubut y Tierra del Fuego.&nbsp;<\/p>\n\n\n\n<p>Muy preocupados por quedar licuados en la din\u00e1mica de desgaste que plantea la gesti\u00f3n de Alberto, los principales dirigentes del massismo le plantearon a su jefe que le d\u00e9 un ultim\u00e1tum al Presidente: O avanza con los cambios o rompen con el Frente de Todos<\/p>\n\n\n\n<p>Las fuentes comentaron que Massa primero convocar\u00e1 a la mesa bonaerense, en una jugada para ganar tiempo, mientras analiza qu\u00e9 hacer.\u00a0<\/p>\n\n\n\n<p>\"Tenemos que recuperar la agenda de la clase media\", explic\u00f3 un massista.\u00a0<\/p>\n\n\n\n<p>\"Sergio tiene que concentrarse en pensar el futuro del Frente Renovador m\u00e1s que en cuidar la unidad del Frente de Todos\", agreg\u00f3 otro de los dirigentes que impulsan el giro.<\/p>\n","protected":false},"excerpt":{"rendered":"<p>Los principales dirigentes del massismo plantean esa salida si Alberto no hace cambios en el Gobierno. Quieren convocar a un plenario nacional para debatir la continuidad en el Frente de Todos. Cristina Kirchner inaugur\u00f3 con su discurso de este lunes la temporada electoral. Las replicas de ese movimiento alcanzaron al Frente Renovador. Sus principales dirigentes [&hellip;]<\/p>\n","protected":false},"author":40,"featured_media":342385,"comment_status":"open","ping_status":"open","sticky":false,"template":"","format":"standard","meta":{"_stopmodifiedupdate":false,"_modified_date":"","inline_featured_image":false,"spay_email":"","jetpack_publicize_message":""},"categories":[501],"tags":[],"jetpack_featured_media_url":"https:\/\/notinor.com\/jujuy\/wp-content\/uploads\/2022\/06\/Dise\u00f1o-sin-t\u00edtulo-38.jpg","jetpack_publicize_connections":[],"_links":{"self":[{"href":"https:\/\/notinor.com\/jujuy\/wp-json\/wp\/v2\/posts\/342384"}],"collection":[{"href":"https:\/\/notinor.com\/jujuy\/wp-json\/wp\/v2\/posts"}],"about":[{"href":"https:\/\/notinor.com\/jujuy\/wp-json\/wp\/v2\/types\/post"}],"author":[{"embeddable":true,"href":"https:\/\/notinor.com\/jujuy\/wp-json\/wp\/v2\/users\/40"}],"replies":[{"embeddable":true,"href":"https:\/\/notinor.com\/jujuy\/wp-json\/wp\/v2\/comments?post=342384"}],"version-history":[{"count":4,"href":"https:\/\/notinor.com\/jujuy\/wp-json\/wp\/v2\/posts\/342384\/revisions"}],"predecessor-version":[{"id":342397,"href":"https:\/\/notinor.com\/jujuy\/wp-json\/wp\/v2\/posts\/342384\/revisions\/342397"}],"wp:featuredmedia":[{"embeddable":true,"href":"https:\/\/notinor.com\/jujuy\/wp-json\/wp\/v2\/media\/342385"}],"wp:attachment":[{"href":"https:\/\/notinor.com\/jujuy\/wp-json\/wp\/v2\/media?parent=342384"}],"wp:term":[{"taxonomy":"category","embeddable":true,"href":"https:\/\/notinor.com\/jujuy\/wp-json\/wp\/v2\/categories?post=342384"},{"taxonomy":"post_tag","embeddable":true,"href":"https:\/\/notinor.com\/jujuy\/wp-json\/wp\/v2\/tags?post=342384"}],"curies":[{"name":"wp","href":"https:\/\/api.w.org\/{rel}","templated":true}]}}