{"id":342374,"date":"2022-06-22T10:16:34","date_gmt":"2022-06-22T13:16:34","guid":{"rendered":"https:\/\/notinor.com\/jujuy\/?p=342374"},"modified":"2022-06-22T10:58:35","modified_gmt":"2022-06-22T13:58:35","slug":"solsticio-de-invierno-2022-el-dia-mas-corto-del-ano-y-una-ola-polar-que-traera-nevadas","status":"publish","type":"post","link":"https:\/\/notinor.com\/jujuy\/solsticio-de-invierno-2022-el-dia-mas-corto-del-ano-y-una-ola-polar-que-traera-nevadas\/","title":{"rendered":"Solsticio de invierno 2022: el d\u00eda m\u00e1s corto del a\u00f1o y una ola polar que traer\u00e1 nevadas"},"content":{"rendered":"\n<p>Este a\u00f1o el solsticio tambi\u00e9n coincide con el inicio del invierno.<\/p>\n\n\n\n<figure class=\"wp-block-image size-large is-resized\"><img decoding=\"async\" loading=\"lazy\" src=\"https:\/\/notinor.com\/jujuy\/wp-content\/uploads\/2022\/06\/Dise\u00f1o-sin-t\u00edtulo-40.jpg\" alt=\"\" class=\"wp-image-342401\" width=\"1096\" height=\"548\" srcset=\"https:\/\/notinor.com\/jujuy\/wp-content\/uploads\/2022\/06\/Dise\u00f1o-sin-t\u00edtulo-40.jpg 600w, https:\/\/notinor.com\/jujuy\/wp-content\/uploads\/2022\/06\/Dise\u00f1o-sin-t\u00edtulo-40-360x180.jpg 360w\" sizes=\"(max-width: 1096px) 100vw, 1096px\" \/><\/figure>\n\n\n\n<p>El solsticio de invierno 2022 tuvo lugar a las 6:14 AM de Argentina y estableci\u00f3 el d\u00eda m\u00e1s corto del a\u00f1o.<\/p>\n\n\n\n<p>Cabe se\u00f1alar que este a\u00f1o el solsticio coincidi\u00f3 con el inicio del invierno. El Servicio Meteorol\u00f3gico Nacional (SMN) aclara que el solsticio de invierno no suele ser el d\u00eda m\u00e1s fr\u00edo del a\u00f1o. De hecho, esto ocurre unas 3 o 4 semanas despu\u00e9s ya que el hemisferio sur se sigue enfriando.<\/p>\n\n\n\n<h2>Solsticio 2022 e inicio del invierno<\/h2>\n\n\n\n<p><strong>\u00bfQu\u00e9 es el sosticio de invierno?<\/strong>&nbsp;El solsticio de invierno 2022 es el d\u00eda en el que el sol sale y se oculta m\u00e1s al norte. Adem\u00e1s, tambi\u00e9n es el d\u00eda con la menor cantidad de horas de luz al a\u00f1o.<\/p>\n\n\n\n<figure><iframe loading=\"lazy\" src=\"https:\/\/www.youtube.com\/embed\/n3ijAy6FaJE?enablejsapi=1&amp;origin=https%3A%2F%2Fnews.agrofy.com.ar\" width=\"560\" height=\"315\"><\/iframe><\/figure>\n\n\n\n<p>Con el<strong>&nbsp;inicio del invierno es esperable tener condiciones muy fr\u00edas<\/strong>. Pero esta semana se destacar\u00e1 por presentarse con valores t\u00e9rmicos muy bajos, especialmente en el sur argentino.<\/p>\n\n\n\n<p>\"Con el continuo ingreso de aire de origen polar se espera que el fr\u00edo persista hasta el fin de semana en esa regi\u00f3n del pa\u00eds\", indica el SMN en el inicio del invierno.<\/p>\n\n\n\n<p>En promedio, las temperaturas<strong>&nbsp;m\u00ednimas diarias oscilar\u00e1n entre los -10 y -2\u00b0C en Patagonia<\/strong>, mientras que los valores de la tarde ir\u00e1n entre los -4\u00b0C y los 6\u00b0C. Las temperaturas m\u00e1s bajas se esperan para el oeste patagonico, donde es posible que algunos d\u00edas de esta semana no superen los 0\u00b0C.&nbsp;<\/p>\n\n\n\n<p>De manera simult\u00e1nea, la presencia de un sistema de baja presi\u00f3n sobre el&nbsp;<strong>Oc\u00e9ano Pac\u00edfico<\/strong>&nbsp;contribuir\u00e1 aportando humedad a toda la regi\u00f3n. En consecuencia, favorecer\u00e1 la ocurrencia de nevadas sobre la regi\u00f3n cordillerana del sur de Neuqu\u00e9n durante las primeras horas del lunes 20 de junio. Sin embargo, este no ser\u00e1 el \u00fanico episodio con precipitaciones en la semana.&nbsp;<\/p>\n\n\n\n<p>A&nbsp;<strong>partir del martes 21,&nbsp; y al menos hasta el viernes 24 de junio inclusive<\/strong>, las nevadas se dar\u00e1n en una zona m\u00e1s amplia, de manera recurrente y m\u00e1s intensa. En este periodo afectar\u00e1n&nbsp; la cordillera y la meseta del norte de Chubut, R\u00edo Negro y Neuqu\u00e9n, as\u00ed como tambienel la cordillera de Mendoza y San Juan. Se espera que al final de la semana, algunas de las zonas mencionadas hayan acumulado entre 20 y 50 cm de nieve. Por tal motivo, recomendamos consultar diariamente la informaci\u00f3n del Sistema de Alerta Temprana.<\/p>\n\n\n\n<h2>Invierno en el centro y norte argentino<\/h2>\n\n\n\n<p>De manera paulatina, el descenso de temperatura tambi\u00e9n llegar\u00e1 hasta el norte del pa\u00eds, pero lo har\u00e1 desde&nbsp;<strong>mediados de semana y con menor intensidad.<\/strong>&nbsp;La segunda parte de la semana volver\u00e1 a tener heladas moderadas a fuertes en la zona central del pa\u00eds, con m\u00e1ximas entre los 9 y los 15\u00b0C.&nbsp;<\/p>\n\n\n\n<p>Mientras que en el norte las ma\u00f1anas&nbsp;<strong>tendr\u00e1n temperaturas entre los 2\u00b0C y los 8\u00b0C,<\/strong>&nbsp;y m\u00e1ximas que oscilar\u00e1n entre los los 13\u00b0C y los 18\u00b0C. Eso s\u00ed, en esta regi\u00f3n del pa\u00eds el evento fr\u00edo ser\u00e1 m\u00e1s breve.&nbsp;<\/p>\n\n\n\n<h2>Pron\u00f3stico clim\u00e1tico para el invierno<\/h2>\n\n\n\n<p>De acuerdo al informe estacional de la Bolsa de Cereales de Buenos Aires, puede concluirse que el cambio positivo en la tendencia del clima aleja el riesgo de un tercer&nbsp;episodio consecutivo y catastr\u00f3fico de&nbsp;<strong>\u201cLa Ni\u00f1a\u201d,<\/strong>&nbsp;pero el camino hacia la normalidad ser\u00e1 lento y accidentado.<\/p>\n\n\n\n<p>Una diferencia significativa con respecto a la campa\u00f1a precedente es que la campa\u00f1a 2021\/2022&nbsp;se inici\u00f3 en condiciones relativamente buenas, que fueron deterior\u00e1ndose progresivamente, llegando a su momento m\u00e1s severo a comienzos del verano, por lo que no perjudicaron sensiblemente a la Cosecha Fina, pero si lo hicieron con la Cosecha Gruesa.<\/p>\n\n\n\n<p>En cambio, la&nbsp;<strong>temporada 2022\/2023<\/strong>, est\u00e1 comenzando con condiciones relativamente&nbsp;desfavorables, que se acentuar\u00e1n a lo largo del invierno, pero mejorar\u00e1n al llegar la primavera y a lo largo del verano, por lo que es probable que sean menos favorables para la Cosecha Fina, pero resulten mejores para la Cosecha Gruesa.<\/p>\n\n\n\n<p>\"El caudal de los grandes r\u00edos ir\u00e1 recuperando gradualmente a lo largo del oto\u00f1o y el invierno&nbsp;pr\u00f3ximos, siendo probable que el estiaje de Septiembre pr\u00f3ximo sea bastante marcado, y que su nivel tarde en recuperarse totalmente\", agrega el relevamiento de la entidad porte\u00f1a.<\/p>\n\n\n\n<figure><iframe loading=\"lazy\" src=\"https:\/\/drive.google.com\/file\/d\/1JOxeAlBBFftVzYP8_ItYlr1QfqB-yM4m\/preview\" width=\"640\" height=\"480\"><\/iframe><\/figure>\n","protected":false},"excerpt":{"rendered":"<p>Este a\u00f1o el solsticio tambi\u00e9n coincide con el inicio del invierno. El solsticio de invierno 2022 tuvo lugar a las 6:14 AM de Argentina y estableci\u00f3 el d\u00eda m\u00e1s corto del a\u00f1o. Cabe se\u00f1alar que este a\u00f1o el solsticio coincidi\u00f3 con el inicio del invierno. El Servicio Meteorol\u00f3gico Nacional (SMN) aclara que el solsticio de [&hellip;]<\/p>\n","protected":false},"author":40,"featured_media":342402,"comment_status":"open","ping_status":"open","sticky":false,"template":"","format":"standard","meta":{"_stopmodifiedupdate":false,"_modified_date":"","inline_featured_image":false,"spay_email":"","jetpack_publicize_message":""},"categories":[17,13],"tags":[],"jetpack_featured_media_url":"https:\/\/notinor.com\/jujuy\/wp-content\/uploads\/2022\/06\/Dise\u00f1o-sin-t\u00edtulo-40-1.jpg","jetpack_publicize_connections":[],"_links":{"self":[{"href":"https:\/\/notinor.com\/jujuy\/wp-json\/wp\/v2\/posts\/342374"}],"collection":[{"href":"https:\/\/notinor.com\/jujuy\/wp-json\/wp\/v2\/posts"}],"about":[{"href":"https:\/\/notinor.com\/jujuy\/wp-json\/wp\/v2\/types\/post"}],"author":[{"embeddable":true,"href":"https:\/\/notinor.com\/jujuy\/wp-json\/wp\/v2\/users\/40"}],"replies":[{"embeddable":true,"href":"https:\/\/notinor.com\/jujuy\/wp-json\/wp\/v2\/comments?post=342374"}],"version-history":[{"count":3,"href":"https:\/\/notinor.com\/jujuy\/wp-json\/wp\/v2\/posts\/342374\/revisions"}],"predecessor-version":[{"id":342403,"href":"https:\/\/notinor.com\/jujuy\/wp-json\/wp\/v2\/posts\/342374\/revisions\/342403"}],"wp:featuredmedia":[{"embeddable":true,"href":"https:\/\/notinor.com\/jujuy\/wp-json\/wp\/v2\/media\/342402"}],"wp:attachment":[{"href":"https:\/\/notinor.com\/jujuy\/wp-json\/wp\/v2\/media?parent=342374"}],"wp:term":[{"taxonomy":"category","embeddable":true,"href":"https:\/\/notinor.com\/jujuy\/wp-json\/wp\/v2\/categories?post=342374"},{"taxonomy":"post_tag","embeddable":true,"href":"https:\/\/notinor.com\/jujuy\/wp-json\/wp\/v2\/tags?post=342374"}],"curies":[{"name":"wp","href":"https:\/\/api.w.org\/{rel}","templated":true}]}}