{"id":342364,"date":"2022-06-22T10:02:12","date_gmt":"2022-06-22T13:02:12","guid":{"rendered":"https:\/\/notinor.com\/jujuy\/?p=342364"},"modified":"2022-06-22T17:28:30","modified_gmt":"2022-06-22T20:28:30","slug":"la-zafra-azucarera-fue-interrumpida-en-tucuman-como-consecuencia-del-paro-de-transportistas-que-afecta-a-la-provincia","status":"publish","type":"post","link":"https:\/\/notinor.com\/jujuy\/la-zafra-azucarera-fue-interrumpida-en-tucuman-como-consecuencia-del-paro-de-transportistas-que-afecta-a-la-provincia\/","title":{"rendered":"La zafra azucarera fue interrumpida en Tucum\u00e1n como consecuencia del paro de transportistas que afecta a la provincia"},"content":{"rendered":"\n<p>Mientras la Asociaci\u00f3n de Transportistas de Carga de Tucum\u00e1n (ATCT) contin\u00faa este mi\u00e9rcoles con un paro en reclamo por la falta de gasoil y para solicitar la equiparaci\u00f3n de los precios con la Ciudad de Buenos Aires, se inicia hoy un paro nacional por tiempo indeterminado con retenes en las rutas, en el que se impedir\u00e1 la circulaci\u00f3n del transporte de carga aunque no el de los autom\u00f3viles, el transporte de pasajeros, el transporte de caudales y los servicios de emergencia.<\/p>\n\n\n\n<figure class=\"wp-block-image size-large is-resized\"><img decoding=\"async\" loading=\"lazy\" src=\"https:\/\/notinor.com\/jujuy\/wp-content\/uploads\/2022\/06\/Dise\u00f1o-sin-t\u00edtulo-36.jpg\" alt=\"\" class=\"wp-image-342370\" width=\"1098\" height=\"549\" srcset=\"https:\/\/notinor.com\/jujuy\/wp-content\/uploads\/2022\/06\/Dise\u00f1o-sin-t\u00edtulo-36.jpg 600w, https:\/\/notinor.com\/jujuy\/wp-content\/uploads\/2022\/06\/Dise\u00f1o-sin-t\u00edtulo-36-360x180.jpg 360w\" sizes=\"(max-width: 1098px) 100vw, 1098px\" \/><\/figure>\n\n\n\n<p>Esta \u00faltima medida de los transportistas de carga&nbsp;<strong>profundiza el reclamo por el faltante de gasoil y la liberaci\u00f3n de los precios del combustible en estaciones independientes y el mercado mayorista.<\/strong><\/p>\n\n\n\n<p>\u201cEs necesario que se tomen acciones precisas porque el sector est\u00e1 muy complicado, donde no es solamente la problem\u00e1tica del combustible, sino que tambi\u00e9n nos est\u00e1 afectando que faltan insumos y nos cuesta acceder a l\u00edneas de financiamiento, en momentos donde los costos no paran de subir\u201d, se\u00f1al\u00f3 a este medio&nbsp;<strong>Santiago Carlucci<\/strong>, titular de&nbsp;<strong>Transportistas Unidos de la Argentina (TUDA).<\/strong><\/p>\n\n\n\n<p>El dirigente dijo que la protesta de hoy tendr\u00e1 presencia de camiones con retenes en las rutas, donde no podr\u00e1 circular el transporte de carga, pero si est\u00e1 asegurado la libre circulaci\u00f3n del resto de los veh\u00edculos.<strong>&nbsp;Hasta el momento est\u00e1n confirmados como lugares de protestas, el cruce de las rutas 12 y 18, en zonas de la autopista Buenos Aires-Rosario, en C\u00f3rdoba, Entre R\u00edos y San Juan<\/strong>.<\/p>\n\n\n\n<h2>Paro de transporte en Tucum\u00e1n<\/h2>\n\n\n\n<p>Mientras tanto, en Tucum\u00e1n contin\u00faa este mi\u00e9rcoles una protesta tambi\u00e9n por tiempo indeterminado iniciada ayer por la C\u00e1mara de Transportistas de Carga de Tucum\u00e1n, entidad adherida a la Federaci\u00f3n Argentina de Entidades Empresarias del Autotransporte de Cargas (Fadeeac).<strong>&nbsp;Si bien en un principio se hab\u00eda anunciado que la medida de fuerza no iba a incluir cortes de ruta, lo cierto es que en la provincia hay dos bloqueos que est\u00e1n generando enormes inconvenientes.<\/strong><img decoding=\"async\" loading=\"lazy\" alt=\"Se agrava el conflicto por el faltante de combustible\" height=\"1080\" width=\"1920\" class=\"\" src=\"https:\/\/cloudfront-us-east-1.images.arcpublishing.com\/infobae\/5QVZTP7D4BBLPADRCJ5H3KJOZY.jpg\" srcset=\"https:\/\/www.infobae.com\/new-resizer\/iMisB5Er5UXEVRvTUbty-zI6jpg=\/420x236\/filters:format(webp):quality(85)\/cloudfront-us-east-1.images.arcpublishing.com\/infobae\/5QVZTP7D4BBLPADRCJ5H3KJOZY.jpg 420w,https:\/\/www.infobae.com\/new-resizer\/DgW1g5Z4LHgn-lCgx6ZZUDQIZFY=\/768x432\/filters:format(webp):quality(85)\/cloudfront-us-east-1.images.arcpublishing.com\/infobae\/5QVZTP7D4BBLPADRCJ5H3KJOZY.jpg 768w,https:\/\/www.infobae.com\/new-resizer\/vDO7gi2LXDvxge0CQhbZRkyk86c=\/992x558\/filters:format(webp):quality(85)\/cloudfront-us-east-1.images.arcpublishing.com\/infobae\/5QVZTP7D4BBLPADRCJ5H3KJOZY.jpg 992w,https:\/\/www.infobae.com\/new-resizer\/oJRtqIZloNhHdzL6Cv4dzIs0ctw=\/1200x675\/filters:format(webp):quality(85)\/cloudfront-us-east-1.images.arcpublishing.com\/infobae\/5QVZTP7D4BBLPADRCJ5H3KJOZY.jpg 1200w,https:\/\/www.infobae.com\/new-resizer\/NsCKX6pZiuVel410AMg8zEBhrSc=\/1440x810\/filters:format(webp):quality(85)\/cloudfront-us-east-1.images.arcpublishing.com\/infobae\/5QVZTP7D4BBLPADRCJ5H3KJOZY.jpg 1440w\">Se agrava el conflicto por el faltante de combustible<\/p>\n\n\n\n<p>Los puntos de mayor conflicto se registran en los cortes de la ruta 302, en el distrito de Cevil Pozo, y por otro lado en la rotonda de empalme con la ruta 9, que es uno de los lugares de acceso a San Miguel de Tucum\u00e1n. Seg\u00fan se inform\u00f3, se permite por dicha zona la circulaci\u00f3n de colectivos de pasajeros y autos particulares.<\/p>\n\n\n\n<p>Cabe se\u00f1alar que<strong>&nbsp;la crisis del gasoil golpea con fuerza al norte argentino con desabastecimiento del combustible, sobreprecios y entrega en cupos a productores y transportistas, lo que genera serios inconvenientes en el entramado productivo de la regi\u00f3n en medio de la zafra de ca\u00f1a de az\u00facar y del lim\u00f3n, dos de los principales eventos econ\u00f3micos de las provincias norte\u00f1as.<\/strong><\/p>\n\n\n\n<blockquote class=\"wp-block-quote\"><p>Los puntos de mayor conflicto se registran en los cortes de la ruta 302, en el distrito de Cevil Pozo, y por otro lado en la rotonda de empalme con la ruta 9, que es uno de los lugares de acceso a San Miguel de Tucum\u00e1n<\/p><\/blockquote>\n\n\n\n<p>La medida de fuerza comenz\u00f3 martes con un pedido de una pol\u00edtica federal para conseguir el mismo precio del combustible en el Interior que el que se paga en la Ciudad Aut\u00f3noma de Buenos Aires, seg\u00fan indic\u00f3 Eduardo Reinoso, presidente de la ATCT.<\/p>\n\n\n\n<p>El dirigente explic\u00f3 que en Tucum\u00e1n falta gasoil y cuando se consigue se comercializa entre 100 y 200 litros por cami\u00f3n a un precio de 185 a 190 pesos. \u201c<strong>Si queremos m\u00e1s litros, se venden a 230 pesos. Esta situaci\u00f3n est\u00e1 afecta la actividad y competitividad, por lo que pedimos un precio del combustible igual al de Capital Federal<\/strong>\u201d, cuestion\u00f3.<\/p>\n\n\n\n<p>Asimismo, a\u00f1adi\u00f3 que est\u00e1n trabajando \u201ccon tarifas que no fueron actualizadas mientras que el gasoil aument\u00f3 un 230%, las cubiertas subieron un 150% y el seguro un 100%\u201d.<\/p>\n\n\n\n<p>El presidente de ATCT se\u00f1al\u00f3 adem\u00e1s que la medida de fuerza es \u201cpac\u00edfica\u201d y que los conductores se disponen al costado de la ruta.<\/p>\n\n\n\n<p>A fines de mayo los transportistas hab\u00edan anunciado un paro pero a partir de gestiones realizadas por el gobernador de Tucum\u00e1n, Osvaldo Jaldo, resolvieron suspender por entonces la medida. Durante el jueves pasado Jaldo dijo a la prensa que \u201cel Gobierno provincial sigue mediando, somos muy respetuosos de las decisiones de cada sector\u201d.<\/p>\n\n\n\n<p>\u201cLa primera reuni\u00f3n que mantuvimos con ATCT fue por el tema de la falta de combustibles, y en la que dijimos que se iba a ir normalizando paulatinamente el suministro y, de hecho, as\u00ed se ha producido\u201d, manifest\u00f3 el gobernador.<\/p>\n\n\n\n<h2>Se interrumpi\u00f3 la zafra<\/h2>\n\n\n\n<p><strong>La zafra azucarera fue interrumpida en Tucum\u00e1n como consecuencia del paro de transportistas que afecta a la provincia<\/strong>, seg\u00fan anunci\u00f3 el Centro Azucarero Argentino (CAA).<\/p>\n\n\n\n<p>\u201cA pesar de las medidas adoptadas por la industria azucarera para afrontar la zafra con la debida previsi\u00f3n en materia de abastecimiento de energ\u00eda e insumos, lamentamos informar que la zafra ha tenido que ser interrumpida\u201d, informaron desde la entidad.<\/p>\n\n\n\n<p>Seg\u00fan el CAA, esto significa \u201cun trastorno importante, especialmente en cuanto a perjuicio econ\u00f3mico, por lo que implica cada arranque de ingenio, la ruptura de la cadena de cosecha-transporte-molienda de la ca\u00f1a, y la ca\u00edda de empleos y servicio\u201d.<\/p>\n\n\n\n<blockquote class=\"wp-block-quote\"><p>A pesar de las medidas adoptadas por la industria azucarera para afrontar la zafra con la debida previsi\u00f3n en materia de abastecimiento de energ\u00eda e insumos, lamentamos informar que la zafra ha tenido que ser interrumpida<\/p><\/blockquote>\n\n\n\n<p>\u201cTambi\u00e9n hay consecuencias productivas porque, como es sabido, la zafra tiene un per\u00edodo determinado en el que puede hacerse y en el que la ca\u00f1a entrega un rendimiento que permite compensar los costos\u201d, agregaron.<\/p>\n\n\n\n<p>El CAA explic\u00f3 que \u201ctranscurrido dicho periodo, la producci\u00f3n sin duda ser\u00e1 afectada; por lo mismo, se obstaculiza la producci\u00f3n y despacho de bioetanol con destino a su mezcla con naftas\u201d.<\/p>\n","protected":false},"excerpt":{"rendered":"<p>Mientras la Asociaci\u00f3n de Transportistas de Carga de Tucum\u00e1n (ATCT) contin\u00faa este mi\u00e9rcoles con un paro en reclamo por la falta de gasoil y para solicitar la equiparaci\u00f3n de los precios con la Ciudad de Buenos Aires, se inicia hoy un paro nacional por tiempo indeterminado con retenes en las rutas, en el que se [&hellip;]<\/p>\n","protected":false},"author":40,"featured_media":342370,"comment_status":"open","ping_status":"open","sticky":false,"template":"","format":"standard","meta":{"_stopmodifiedupdate":false,"_modified_date":"","inline_featured_image":false,"spay_email":"","jetpack_publicize_message":""},"categories":[5],"tags":[],"jetpack_featured_media_url":"https:\/\/notinor.com\/jujuy\/wp-content\/uploads\/2022\/06\/Dise\u00f1o-sin-t\u00edtulo-36.jpg","jetpack_publicize_connections":[],"_links":{"self":[{"href":"https:\/\/notinor.com\/jujuy\/wp-json\/wp\/v2\/posts\/342364"}],"collection":[{"href":"https:\/\/notinor.com\/jujuy\/wp-json\/wp\/v2\/posts"}],"about":[{"href":"https:\/\/notinor.com\/jujuy\/wp-json\/wp\/v2\/types\/post"}],"author":[{"embeddable":true,"href":"https:\/\/notinor.com\/jujuy\/wp-json\/wp\/v2\/users\/40"}],"replies":[{"embeddable":true,"href":"https:\/\/notinor.com\/jujuy\/wp-json\/wp\/v2\/comments?post=342364"}],"version-history":[{"count":2,"href":"https:\/\/notinor.com\/jujuy\/wp-json\/wp\/v2\/posts\/342364\/revisions"}],"predecessor-version":[{"id":342483,"href":"https:\/\/notinor.com\/jujuy\/wp-json\/wp\/v2\/posts\/342364\/revisions\/342483"}],"wp:featuredmedia":[{"embeddable":true,"href":"https:\/\/notinor.com\/jujuy\/wp-json\/wp\/v2\/media\/342370"}],"wp:attachment":[{"href":"https:\/\/notinor.com\/jujuy\/wp-json\/wp\/v2\/media?parent=342364"}],"wp:term":[{"taxonomy":"category","embeddable":true,"href":"https:\/\/notinor.com\/jujuy\/wp-json\/wp\/v2\/categories?post=342364"},{"taxonomy":"post_tag","embeddable":true,"href":"https:\/\/notinor.com\/jujuy\/wp-json\/wp\/v2\/tags?post=342364"}],"curies":[{"name":"wp","href":"https:\/\/api.w.org\/{rel}","templated":true}]}}