{"id":340943,"date":"2022-06-05T13:52:22","date_gmt":"2022-06-05T16:52:22","guid":{"rendered":"https:\/\/notinor.com\/jujuy\/?p=340943"},"modified":"2022-06-05T13:52:28","modified_gmt":"2022-06-05T16:52:28","slug":"corte-de-energia-de-emergencia-en-los-barrios-23-de-agosto-y-ciudad-de-nieva","status":"publish","type":"post","link":"https:\/\/notinor.com\/jujuy\/corte-de-energia-de-emergencia-en-los-barrios-23-de-agosto-y-ciudad-de-nieva\/","title":{"rendered":"Corte de energ\u00eda de emergencia en los barrios 23 de Agosto y Ciudad de Nieva"},"content":{"rendered":"\n<p>Se est\u00e1 realizando un corte de emergencia sobre el distribuidor que abastece a los usuarios de los Barrios 23 de Agosto y Ciudad de Nueva, de San Salvador\u00a0de Jujuy, a fin de realizar tareas de reparaci\u00f3n. Las tareas t\u00e9cnicas empezaron cerca del mediod\u00eda y tendr\u00e1n una duraci\u00f3n aproximada de 2\u00a0horas.<\/p>\n\n\n\n<div class=\"wp-block-image\"><figure class=\"aligncenter size-large\"><img decoding=\"async\" loading=\"lazy\" width=\"800\" height=\"450\" src=\"https:\/\/notinor.com\/jujuy\/wp-content\/uploads\/2021\/12\/corte-de-luz-1.jpeg\" alt=\"\" class=\"wp-image-323275\" srcset=\"https:\/\/notinor.com\/jujuy\/wp-content\/uploads\/2021\/12\/corte-de-luz-1.jpeg 800w, https:\/\/notinor.com\/jujuy\/wp-content\/uploads\/2021\/12\/corte-de-luz-1-649x365.jpeg 649w, https:\/\/notinor.com\/jujuy\/wp-content\/uploads\/2021\/12\/corte-de-luz-1-500x280.jpeg 500w, https:\/\/notinor.com\/jujuy\/wp-content\/uploads\/2021\/12\/corte-de-luz-1-768x432.jpeg 768w, https:\/\/notinor.com\/jujuy\/wp-content\/uploads\/2021\/12\/corte-de-luz-1-750x422.jpeg 750w\" sizes=\"(max-width: 800px) 100vw, 800px\" \/><\/figure><\/div>\n","protected":false},"excerpt":{"rendered":"<p>Se est\u00e1 realizando un corte de emergencia sobre el distribuidor que abastece a los usuarios de los Barrios 23 de Agosto y Ciudad de Nueva, de San Salvador\u00a0de Jujuy, a fin de realizar tareas de reparaci\u00f3n. Las tareas t\u00e9cnicas empezaron cerca del mediod\u00eda y tendr\u00e1n una duraci\u00f3n aproximada de 2\u00a0horas.<\/p>\n","protected":false},"author":49,"featured_media":323275,"comment_status":"open","ping_status":"open","sticky":false,"template":"","format":"standard","meta":{"_stopmodifiedupdate":false,"_modified_date":"","inline_featured_image":false,"spay_email":"","jetpack_publicize_message":""},"categories":[2,514],"tags":[],"jetpack_featured_media_url":"https:\/\/notinor.com\/jujuy\/wp-content\/uploads\/2021\/12\/corte-de-luz-1.jpeg","jetpack_publicize_connections":[],"_links":{"self":[{"href":"https:\/\/notinor.com\/jujuy\/wp-json\/wp\/v2\/posts\/340943"}],"collection":[{"href":"https:\/\/notinor.com\/jujuy\/wp-json\/wp\/v2\/posts"}],"about":[{"href":"https:\/\/notinor.com\/jujuy\/wp-json\/wp\/v2\/types\/post"}],"author":[{"embeddable":true,"href":"https:\/\/notinor.com\/jujuy\/wp-json\/wp\/v2\/users\/49"}],"replies":[{"embeddable":true,"href":"https:\/\/notinor.com\/jujuy\/wp-json\/wp\/v2\/comments?post=340943"}],"version-history":[{"count":1,"href":"https:\/\/notinor.com\/jujuy\/wp-json\/wp\/v2\/posts\/340943\/revisions"}],"predecessor-version":[{"id":340946,"href":"https:\/\/notinor.com\/jujuy\/wp-json\/wp\/v2\/posts\/340943\/revisions\/340946"}],"wp:featuredmedia":[{"embeddable":true,"href":"https:\/\/notinor.com\/jujuy\/wp-json\/wp\/v2\/media\/323275"}],"wp:attachment":[{"href":"https:\/\/notinor.com\/jujuy\/wp-json\/wp\/v2\/media?parent=340943"}],"wp:term":[{"taxonomy":"category","embeddable":true,"href":"https:\/\/notinor.com\/jujuy\/wp-json\/wp\/v2\/categories?post=340943"},{"taxonomy":"post_tag","embeddable":true,"href":"https:\/\/notinor.com\/jujuy\/wp-json\/wp\/v2\/tags?post=340943"}],"curies":[{"name":"wp","href":"https:\/\/api.w.org\/{rel}","templated":true}]}}