{"id":340927,"date":"2022-06-05T13:05:32","date_gmt":"2022-06-05T16:05:32","guid":{"rendered":"https:\/\/notinor.com\/jujuy\/?p=340927"},"modified":"2022-06-05T13:05:36","modified_gmt":"2022-06-05T16:05:36","slug":"daniel-scioli-reemplazara-a-matias-kulfas-en-el-ministerio-de-desarrollo-productivo","status":"publish","type":"post","link":"https:\/\/notinor.com\/jujuy\/daniel-scioli-reemplazara-a-matias-kulfas-en-el-ministerio-de-desarrollo-productivo\/","title":{"rendered":"Daniel Scioli reemplazar\u00e1 a Mat\u00edas Kulfas en el Ministerio de Desarrollo Productivo"},"content":{"rendered":"\n<p class=\"has-medium-font-size\"><strong><em>El Gobierno confirm\u00f3 oficialmente el s\u00e1bado a \u00faltima hora la noticia; ven\u00eda desempe\u00f1\u00e1ndose como embajador en Brasil.<\/em><\/strong><\/p>\n\n\n\n<div class=\"wp-block-image\"><figure class=\"aligncenter size-large\"><img decoding=\"async\" loading=\"lazy\" width=\"800\" height=\"450\" src=\"https:\/\/notinor.com\/jujuy\/wp-content\/uploads\/2022\/06\/daniel-scioli.jpg\" alt=\"\" class=\"wp-image-340933\" srcset=\"https:\/\/notinor.com\/jujuy\/wp-content\/uploads\/2022\/06\/daniel-scioli.jpg 800w, https:\/\/notinor.com\/jujuy\/wp-content\/uploads\/2022\/06\/daniel-scioli-649x365.jpg 649w, https:\/\/notinor.com\/jujuy\/wp-content\/uploads\/2022\/06\/daniel-scioli-500x280.jpg 500w, https:\/\/notinor.com\/jujuy\/wp-content\/uploads\/2022\/06\/daniel-scioli-768x432.jpg 768w, https:\/\/notinor.com\/jujuy\/wp-content\/uploads\/2022\/06\/daniel-scioli-750x422.jpg 750w\" sizes=\"(max-width: 800px) 100vw, 800px\" \/><\/figure><\/div>\n\n\n\n<p>El embajador en Brasil, Daniel Scioli, asumir\u00e1 al frente del Ministerio de Desarrollo Productivo, en reemplazo de Mat\u00edas Kulfas. La noticia fue comunicada anoche por la portavoz de la presidencia, Gabriela Cerruti, en el final de un d\u00eda agitado.<\/p>\n\n\n\n<p>En el entorno de Scioli admitieron la sorpresa por la designaci\u00f3n porque el Presidente reci\u00e9n se comunic\u00f3 con \u00e9l entrada la tarde y hasta ah\u00ed no hab\u00eda m\u00e1s que rumores. Si bien desde la Casa de Gobierno aclararon que primero debe terminar de \u201cresolver temas pendientes\u201d en Brasil, cerca del nuevo funcionario confirmaron que aceptar\u00e1 el ofrecimiento. \u201cSolo pidi\u00f3 unos d\u00edas para ordenar sus cosas\u201d, confiaron.<\/p>\n\n\n\n<p>Su jura al cargo se concretar\u00e1 luego del viaje del presidente a la Cumbre de las Am\u00e9ricas, que se realizar\u00e1 esta semana en Los \u00c1ngeles, Estados Unidos.<\/p>\n\n\n\n<p>Exvicepresidente, exgobernador de la provincia de Buenos Aires y excandidato a presidente, Scioli cumple funciones como embajador en Brasil desde agosto de 2020, pocos meses despu\u00e9s de la llegada de Fern\u00e1ndez al poder.<\/p>\n\n\n\n<p>El hasta ahora embajador en Brasil tiene buena relaci\u00f3n tanto con Cristina Kirchner como con el presidente Fern\u00e1ndez, a quien visit\u00f3 recientemente en la quinta de Olivos. Esa fue una de las razones por las que su nombr\u00f3 son\u00f3 r\u00e1pidamente tras la salida de Kulfas. Es un manera de evitar m\u00e1s problemas despu\u00e9s del esc\u00e1ndalo que termin\u00f3 con la salida del Ministerio de Desarrollo Productivo.<\/p>\n\n\n\n<p>Scioli estuvo sentado anteayer en una de las primeras filas del acto por los 100 a\u00f1os de YPF, en Tecn\u00f3polis, junto a Julio Vitobello, secretario General de la Presidencia y hombre de estricta confianza de Fern\u00e1ndez. Hasta ah\u00ed nada hac\u00eda suponer lo que ocurrir\u00eda en solo 24 horas.<\/p>\n\n\n\n<p>La r\u00e1pida secuencia se inici\u00f3 con el discurso de la vicepresidenta Cristina Kirchner en el acto de Tecn\u00f3polis, donde adem\u00e1s de criticar a Alberto Fern\u00e1ndez sugiri\u00f3 un trato muy l\u00e1bil hacia la empresa Techint en la licitaci\u00f3n para la construcci\u00f3n del gasoducto N\u00e9stor Kirchner.<\/p>\n\n\n\n<p>Primero en declaraciones radiales, y despu\u00e9s en un off que desde le atribuyen a su ministerio, Kulfas plante\u00f3 que el kirchnerismo hab\u00eda direccionado la obra a favor de Techint y que ese era el problema de la demora. Desde la Secretar\u00eda de Energ\u00eda se denunci\u00f3 ese mensaje en off the record y fue avalado por un mensaje de la vicepresidenta, Cristina Kirchner, en su cuenta de Twitter, al que poco despu\u00e9s se sum\u00f3 el propio presidente de la Naci\u00f3n, Alberto Fern\u00e1ndez. Minutos despu\u00e9s se supo que el mandatario le hab\u00eda pedido la renuncia a Kulfas, hombre de su confianza y quien lo acompa\u00f1a desde tiempos del Grupo Callao.<\/p>\n\n\n\n<p>Scioli tiene 65 a\u00f1os, es padre de dos hijas, y previo a su llegada a la pol\u00edtica se desempe\u00f1\u00f3 como motonauta. Entre 2003 y 2007 fue vicepresidente durante la gesti\u00f3n de N\u00e9stor Kirchner y entre ese a\u00f1o y 2015 gobern\u00f3 el territorio bonaerense. Ese a\u00f1o fue el candidato del justicialismo para presidente de la Naci\u00f3n, con Carlos Zannini como compa\u00f1ero de f\u00f3rmula, con la que perdieron en el ballotage frente a Mauricio Macri.<\/p>\n","protected":false},"excerpt":{"rendered":"<p>El Gobierno confirm\u00f3 oficialmente el s\u00e1bado a \u00faltima hora la noticia; ven\u00eda desempe\u00f1\u00e1ndose como embajador en Brasil. El embajador en Brasil, Daniel Scioli, asumir\u00e1 al frente del Ministerio de Desarrollo Productivo, en reemplazo de Mat\u00edas Kulfas. La noticia fue comunicada anoche por la portavoz de la presidencia, Gabriela Cerruti, en el final de un d\u00eda [&hellip;]<\/p>\n","protected":false},"author":49,"featured_media":340933,"comment_status":"open","ping_status":"open","sticky":false,"template":"","format":"standard","meta":{"_stopmodifiedupdate":false,"_modified_date":"","inline_featured_image":false,"spay_email":"","jetpack_publicize_message":""},"categories":[2,501],"tags":[],"jetpack_featured_media_url":"https:\/\/notinor.com\/jujuy\/wp-content\/uploads\/2022\/06\/daniel-scioli.jpg","jetpack_publicize_connections":[],"_links":{"self":[{"href":"https:\/\/notinor.com\/jujuy\/wp-json\/wp\/v2\/posts\/340927"}],"collection":[{"href":"https:\/\/notinor.com\/jujuy\/wp-json\/wp\/v2\/posts"}],"about":[{"href":"https:\/\/notinor.com\/jujuy\/wp-json\/wp\/v2\/types\/post"}],"author":[{"embeddable":true,"href":"https:\/\/notinor.com\/jujuy\/wp-json\/wp\/v2\/users\/49"}],"replies":[{"embeddable":true,"href":"https:\/\/notinor.com\/jujuy\/wp-json\/wp\/v2\/comments?post=340927"}],"version-history":[{"count":1,"href":"https:\/\/notinor.com\/jujuy\/wp-json\/wp\/v2\/posts\/340927\/revisions"}],"predecessor-version":[{"id":340935,"href":"https:\/\/notinor.com\/jujuy\/wp-json\/wp\/v2\/posts\/340927\/revisions\/340935"}],"wp:featuredmedia":[{"embeddable":true,"href":"https:\/\/notinor.com\/jujuy\/wp-json\/wp\/v2\/media\/340933"}],"wp:attachment":[{"href":"https:\/\/notinor.com\/jujuy\/wp-json\/wp\/v2\/media?parent=340927"}],"wp:term":[{"taxonomy":"category","embeddable":true,"href":"https:\/\/notinor.com\/jujuy\/wp-json\/wp\/v2\/categories?post=340927"},{"taxonomy":"post_tag","embeddable":true,"href":"https:\/\/notinor.com\/jujuy\/wp-json\/wp\/v2\/tags?post=340927"}],"curies":[{"name":"wp","href":"https:\/\/api.w.org\/{rel}","templated":true}]}}