{"id":340919,"date":"2022-06-05T13:08:01","date_gmt":"2022-06-05T16:08:01","guid":{"rendered":"https:\/\/notinor.com\/jujuy\/?p=340919"},"modified":"2022-06-05T13:29:10","modified_gmt":"2022-06-05T16:29:10","slug":"el-coloquio-idea-vuelve-a-mar-del-plata-con-propuestas-para-el-crecimiento-del-pais","status":"publish","type":"post","link":"https:\/\/notinor.com\/jujuy\/el-coloquio-idea-vuelve-a-mar-del-plata-con-propuestas-para-el-crecimiento-del-pais\/","title":{"rendered":"El Coloquio IDEA vuelve a Mar del Plata con propuestas para el crecimiento del pa\u00eds"},"content":{"rendered":"\n<p class=\"has-medium-font-size\"><strong><em>Luego de dos a\u00f1os de pandemia, vuelve a realizarse de forma presencial el Coloquio IDEA en \"La Feliz\".<\/em><\/strong> <strong><em>La 58\u00b0 edici\u00f3n<\/em><\/strong> <strong><em>se centrar\u00e1 en<\/em><\/strong> <strong><em>el dise\u00f1o de medidas que fomenten<\/em><\/strong> <em><strong>el potencial de la Argentina.<\/strong><\/em><\/p>\n\n\n\n<p><strong>Por Tania Braum<\/strong><\/p>\n\n\n\n<div class=\"wp-block-image\"><figure class=\"aligncenter size-large is-resized\"><img decoding=\"async\" loading=\"lazy\" src=\"https:\/\/notinor.com\/jujuy\/wp-content\/uploads\/2022\/06\/thumbnail_20220603_103244-778x480.jpg\" alt=\"\" class=\"wp-image-340921\" width=\"700\" height=\"450\"\/><\/figure><\/div>\n\n\n\n<p><strong>Bajo el slogan \"Ceder para crecer\", el Coloquio IDEA regresa a la ciudad de Mar del Plata el 12, 13 y 14 de octubre.<\/strong> En su 58\u00b0 edici\u00f3n, el evento dirigencial m\u00e1s importante de la Argentina abocado al tratamiento estrat\u00e9gico de las grandes cuestiones que preocupan al empresariado<strong> vuelve a la presencialidad, su formato habitual, luego de dos a\u00f1os en los que se realiz\u00f3 de manera virtual e h\u00edbrida por la pandemia.<\/strong><\/p>\n\n\n\n<p>El punto de encuentro, que desde hace 58 a\u00f1os re\u00fane a los dirigentes de los sectores m\u00e1s relevantes del \u00e1mbito nacional e internacional p\u00fablico y privado y <strong>organizado por el Instituto para el Desarrollo Empresarial de la Argentina (IDEA), presentar\u00e1 propuestas concretas para fomentar el potencial del pa\u00eds<\/strong>, a partir de diagn\u00f3sticos de expertos, nutridos por el di\u00e1logo con distintos actores relacionados.<\/p>\n\n\n\n<p><strong>El viernes, se reunieron en el edificio que IDEA tiene en el microcentro porte\u00f1o la mayor\u00eda de los 40 empresarios que est\u00e1n trabajando en el armado de los contenidos del Coloquio desde febrero<\/strong>. El objetivo del encuentro fue compartir los avances en los diagn\u00f3sticos y las propuestas que se dise\u00f1aron hasta el momento, en un clima de cierto optimismo a mediano y largo plazo.<\/p>\n\n\n\n<p>\"<strong>El pa\u00eds atraviesa una situaci\u00f3n econ\u00f3mica y social compleja que necesita del esfuerzo colectivo de todos los actores para lograr un crecimiento sostenido.<\/strong> Es por eso que para el 58\u00b0 Coloquio IDEA estamos trabajando propuestas concretas con todas las partes involucradas\", destac\u00f3 Roberto Murchison, presidente de IDEA y presidente de Grupo Murchison.<\/p>\n\n\n\n<div class=\"wp-block-image\"><figure class=\"aligncenter size-large is-resized\"><img decoding=\"async\" loading=\"lazy\" src=\"https:\/\/notinor.com\/jujuy\/wp-content\/uploads\/2022\/06\/thumbnail_CEOs-IDEA-840x392.jpg\" alt=\"\" class=\"wp-image-340932\" width=\"712\" height=\"404\"\/><\/figure><\/div>\n\n\n\n<p><strong>Los ejes de trabajo ser\u00e1n los siguientes:<\/strong> la inserci\u00f3n de la Argentina en el mundo, el empleo, la educaci\u00f3n, las finanzas p\u00fablicas y la seguridad jur\u00eddica. Cada uno ser\u00e1 abordado por un equipo de empresarios y asesores t\u00e9cnicos:<\/p>\n\n\n\n<p>\u25cf Inserci\u00f3n de Argentina en el mundo, liderado por Mariano Bosch, director de IDEA y cofundador y CEO de AdecoAgro;<\/p>\n\n\n\n<p>\u25cf Empleo, encabezado por Juan Marotta, director de IDEA y presidente de HSBC Argentina y CEO LAM South;<\/p>\n\n\n\n<p>\u25cf Educaci\u00f3n, a cargo de Ver\u00f3nica Andreani, directora de IDEA y directora de Grupo Log\u00edstico Andreani;<\/p>\n\n\n\n<p>\u25cf Finanzas P\u00fablicas, dirigido por Santiago Mignone, tesorero de IDEA y <em>country senior partner<\/em> de PwC Argentina; y<\/p>\n\n\n\n<p>\u25cf Seguridad jur\u00eddica, llevado adelante por Brenda Puig, directora de IDEA y directora<em> senior<\/em> de Legales de Mercado Libre.<\/p>\n\n\n\n<p>\"<strong>Abordar los desaf\u00edos estructurales del pa\u00eds exige un esfuerzo colectivo, donde todos los sectores tenemos la responsabilidad de ceder para encontrar un camino de crecimiento sostenido<\/strong>. Al 58\u00b0 Coloquio buscaremos llegar con propuestas concretas y s\u00f3lidas desde un \u00e1ngulo t\u00e9cnico y realizables desde una \u00f3ptica pol\u00edtica y social\", explic\u00f3 Daniel Herrero, presidente del 58\u00b0 Coloquio IDEA, quien hasta hace unas semanas fue presidente de Toyota y ahora est\u00e1 a cargo de Toyota Plan Argentina.<\/p>\n\n\n\n<p>En la misma l\u00ednea, Daniel Gonz\u00e1lez, director ejecutivo de IDEA, agreg\u00f3: \"<strong>Necesitamos m\u00e1s di\u00e1logo, pero tambi\u00e9n m\u00e1s acci\u00f3n <\/strong>y en esa direcci\u00f3n vamos. <strong>Buscamos que el Coloquio instale en la agenda p\u00fablica propuestas concretas<\/strong>, que las podamos debatir en el evento y luego nos pongamos a trabajar para que se hagan realidad\".<\/p>\n\n\n\n<p><strong>Como todos los a\u00f1os, IDEA invitar\u00e1 al presidente<\/strong>\u00a0<strong>Alberto Fern\u00e1ndez<\/strong>, <strong>al ministro\u00a0Mart\u00edn Guzm\u00e1n\u00a0y a otros integrantes del Gabinete<\/strong>. <strong>Tambi\u00e9n, a miembros de la oposici\u00f3n<\/strong>, en un a\u00f1o signado por el clima electoral.<\/p>\n\n\n\n<div class=\"wp-block-image\"><figure class=\"aligncenter size-large is-resized\"><img decoding=\"async\" loading=\"lazy\" src=\"https:\/\/notinor.com\/jujuy\/wp-content\/uploads\/2022\/06\/thumbnail_Herrero-Gonzalez-840x392.jpg\" alt=\"\" class=\"wp-image-340930\" width=\"735\" height=\"397\"\/><\/figure><\/div>\n\n\n\n<p><strong>En 201, el Coloquio tuvo como lema \"Logremos una Argentina sostenible\"<\/strong> y postul\u00f3 a la creaci\u00f3n de puestos de trabajo formales como el camino para lograr un pa\u00eds sustentable, alineado con los Objetivos de Desarrollo Sostenible (ODS) planteados por la Organizaci\u00f3n de las Naciones Unidas (ONU) para el 2030: desarrollo econ\u00f3mico sostenible, confianza para la inversi\u00f3n, educaci\u00f3n, innovaci\u00f3n y sostenibilidad.<\/p>\n\n\n\n<p><strong>IDEA es la voz activa de un empresariado comprometido por el desarrollo econ\u00f3mico, social e institucional de la Argentina<\/strong>. La organizaci\u00f3n est\u00e1 enfocada en el hacer, generando espacios de debate y pensamiento multisectorial que aporten valor, ideas y acuerdos sobre los grandes temas que involucran al desarrollo sostenible del pa\u00eds. <\/p>\n\n\n\n<p><strong>Hoy, representa a m\u00e1s de 500 empresas de todos los sectores y tama\u00f1os,<\/strong> desde multinacionales hasta pymes. <strong>En su conjunto producen el 50% del producto bruto interno (PBI) y del empleo privado a nivel nacional<\/strong>. <strong>Realiza encuentros de intercambio y capacitaci\u00f3n y ofrece distintas propuestas de servicios y espacios de actividad<\/strong>, como las Redes de Profesionales, la Escuela de Negocios, IDEA PYME, IDEA Joven e IDEA Diversidad, adem\u00e1s del Coloquio.<\/p>\n","protected":false},"excerpt":{"rendered":"<p>Luego de dos a\u00f1os de pandemia, vuelve a realizarse de forma presencial el Coloquio IDEA en \"La Feliz\". La 58\u00b0 edici\u00f3n se centrar\u00e1 en el dise\u00f1o de medidas que fomenten el potencial de la Argentina. Por Tania Braum Bajo el slogan \"Ceder para crecer\", el Coloquio IDEA regresa a la ciudad de Mar del Plata [&hellip;]<\/p>\n","protected":false},"author":51,"featured_media":340922,"comment_status":"open","ping_status":"open","sticky":false,"template":"","format":"standard","meta":{"_stopmodifiedupdate":false,"_modified_date":"","inline_featured_image":false,"spay_email":"","jetpack_publicize_message":""},"categories":[2,676],"tags":[1176,700,1177],"jetpack_featured_media_url":"https:\/\/notinor.com\/jujuy\/wp-content\/uploads\/2022\/06\/thumbnail_20220603_103244-1.jpg","jetpack_publicize_connections":[],"_links":{"self":[{"href":"https:\/\/notinor.com\/jujuy\/wp-json\/wp\/v2\/posts\/340919"}],"collection":[{"href":"https:\/\/notinor.com\/jujuy\/wp-json\/wp\/v2\/posts"}],"about":[{"href":"https:\/\/notinor.com\/jujuy\/wp-json\/wp\/v2\/types\/post"}],"author":[{"embeddable":true,"href":"https:\/\/notinor.com\/jujuy\/wp-json\/wp\/v2\/users\/51"}],"replies":[{"embeddable":true,"href":"https:\/\/notinor.com\/jujuy\/wp-json\/wp\/v2\/comments?post=340919"}],"version-history":[{"count":4,"href":"https:\/\/notinor.com\/jujuy\/wp-json\/wp\/v2\/posts\/340919\/revisions"}],"predecessor-version":[{"id":340938,"href":"https:\/\/notinor.com\/jujuy\/wp-json\/wp\/v2\/posts\/340919\/revisions\/340938"}],"wp:featuredmedia":[{"embeddable":true,"href":"https:\/\/notinor.com\/jujuy\/wp-json\/wp\/v2\/media\/340922"}],"wp:attachment":[{"href":"https:\/\/notinor.com\/jujuy\/wp-json\/wp\/v2\/media?parent=340919"}],"wp:term":[{"taxonomy":"category","embeddable":true,"href":"https:\/\/notinor.com\/jujuy\/wp-json\/wp\/v2\/categories?post=340919"},{"taxonomy":"post_tag","embeddable":true,"href":"https:\/\/notinor.com\/jujuy\/wp-json\/wp\/v2\/tags?post=340919"}],"curies":[{"name":"wp","href":"https:\/\/api.w.org\/{rel}","templated":true}]}}