{"id":340911,"date":"2022-06-05T12:27:31","date_gmt":"2022-06-05T15:27:31","guid":{"rendered":"https:\/\/notinor.com\/jujuy\/?p=340911"},"modified":"2022-06-05T12:27:37","modified_gmt":"2022-06-05T15:27:37","slug":"alberto-fernandez-designo-a-daniel-scioli-como-ministro-de-produccion","status":"publish","type":"post","link":"https:\/\/notinor.com\/jujuy\/alberto-fernandez-designo-a-daniel-scioli-como-ministro-de-produccion\/","title":{"rendered":"Alberto Fern\u00e1ndez design\u00f3 a Daniel Scioli como ministro de Producci\u00f3n"},"content":{"rendered":"\n<p>Pocas horas despu\u00e9s de que el propio Alberto Fern\u00e1ndez le pidiera la renuncia al ministro de Desarrollo Productivo, Mat\u00edas Kulfas, desde el Gobierno anunciaron que Daniel Scioli ser\u00e1 quien ocupe el cargo desde ahora.<\/p>\n\n\n\n<figure class=\"wp-block-image\"><img decoding=\"async\" src=\"https:\/\/fotos.perfil.com\/2021\/06\/10\/trim\/1280\/720\/daniel-scioli-20210610-1188998.jpg\" alt=\"Daniel Scioli ser\u00e1 el nuevo ministro de Desarrollo Productivo | Perfil\"\/><\/figure>\n\n\n\n<p>En las \u00faltimas horas del viernes, desde un sector del Gobierno acusaron a funcionarios cristinistas de armar el pliego de licitaci\u00f3n del Gasoducto N\u00e9stor Kirchner \u201ca la medida de Techint\u201d y durante el mediod\u00eda de hoy la vicepresidenta Cristina Kirchner cuestionara p\u00fablicamente esa informaci\u00f3n off the record en su contra, que habr\u00eda surgido del Ministerio de Desarrollo Productivo. Justamente en las horas posteriores, y tras el ida y vuelta a partir de este asunto, el propio Alberto Fern\u00e1ndez le pidi\u00f3 la renuncia al titular de la cartera, Mat\u00edas Kulfas.<\/p>\n\n\n\n<p>La oficializaci\u00f3n de Scioli, quien se desempe\u00f1aba como embajador en Brasil, al frente de la cartera fue confirmada por la propia portavoz presidencial Gabriela Cerruti.<\/p>\n\n\n\n<p><img decoding=\"async\" loading=\"lazy\" height=\"1083\" width=\"1920\" srcset=\"https:\/\/www.infobae.com\/new-resizer\/dkcZf1ez9580Th9YupzJFL3XHPw=\/420x236\/filters:format(webp):quality(85)\/cloudfront-us-east-1.images.arcpublishing.com\/infobae\/UQXFEUMGGBD7FN72ZYDWAV5ZLY.jpg 420w,https:\/\/www.infobae.com\/new-resizer\/M5mkzFM7SqSUFYdYF9ZzVVyJp1g=\/768x432\/filters:format(webp):quality(85)\/cloudfront-us-east-1.images.arcpublishing.com\/infobae\/UQXFEUMGGBD7FN72ZYDWAV5ZLY.jpg 768w,https:\/\/www.infobae.com\/new-resizer\/wn1gJbnYkN0GPpyaJDscfvkUtPs=\/992x558\/filters:format(webp):quality(85)\/cloudfront-us-east-1.images.arcpublishing.com\/infobae\/UQXFEUMGGBD7FN72ZYDWAV5ZLY.jpg 992w,https:\/\/www.infobae.com\/new-resizer\/7bnTkz2OSWnkNBEZ9sQbEVld9dM=\/1200x675\/filters:format(webp):quality(85)\/cloudfront-us-east-1.images.arcpublishing.com\/infobae\/UQXFEUMGGBD7FN72ZYDWAV5ZLY.jpg 1200w,https:\/\/www.infobae.com\/new-resizer\/8Z0ly0moovEZ7oiNwv8zO18Elss=\/1440x810\/filters:format(webp):quality(85)\/cloudfront-us-east-1.images.arcpublishing.com\/infobae\/UQXFEUMGGBD7FN72ZYDWAV5ZLY.jpg 1440w\" alt=\"El embajador en Brasil, Daniel Scioli, junto a Vilma Ibarra, la vocera presidencial Gabriela Cerruti y el Procurador del Tesoro, Carlos Zannini.\" class=\"\" src=\"https:\/\/cloudfront-us-east-1.images.arcpublishing.com\/infobae\/UQXFEUMGGBD7FN72ZYDWAV5ZLY.jpg\">El embajador en Brasil, Daniel Scioli, junto a Vilma Ibarra, la vocera presidencial Gabriela Cerruti y el Procurador del Tesoro, Carlos Zannini.<\/p>\n\n\n\n<p>Vale destacar que ayer y tras meses de interna, fue la primera vez que el Presidente y CFK se mostraron juntos en p\u00fablico desde marzo. Gobernadores, funcionarios y referentes de ambos sectores asistieron al acto oficial en Tecn\u00f3polis y entre los invitados que se destacaron en primera fila estuvo Scioli, quien se mostr\u00f3 a su vez cerca de la Cerruti y Vilma Ibarra (Secretar\u00eda Legal y T\u00e9cnica).<\/p>\n\n\n\n<p><img decoding=\"async\" loading=\"lazy\" height=\"1280\" width=\"1920\" srcset=\"https:\/\/www.infobae.com\/new-resizer\/zvXtTMBIjDWS0Gc4FpSEeJoEGsE=\/420x280\/filters:format(webp):quality(85)\/cloudfront-us-east-1.images.arcpublishing.com\/infobae\/HDLH3TDBM5ECXNCQTDMMIR35SY.jpg 420w,https:\/\/www.infobae.com\/new-resizer\/zMeXY8WLHeT6vUWaQbECJXTx5Ro=\/768x512\/filters:format(webp):quality(85)\/cloudfront-us-east-1.images.arcpublishing.com\/infobae\/HDLH3TDBM5ECXNCQTDMMIR35SY.jpg 768w,https:\/\/www.infobae.com\/new-resizer\/dJPNrSfOEP83b6w5GtaHgCuGcBw=\/992x661\/filters:format(webp):quality(85)\/cloudfront-us-east-1.images.arcpublishing.com\/infobae\/HDLH3TDBM5ECXNCQTDMMIR35SY.jpg 992w,https:\/\/www.infobae.com\/new-resizer\/t6RxR31Gq_HsfavmIb45Hc-DjiY=\/1200x800\/filters:format(webp):quality(85)\/cloudfront-us-east-1.images.arcpublishing.com\/infobae\/HDLH3TDBM5ECXNCQTDMMIR35SY.jpg 1200w,https:\/\/www.infobae.com\/new-resizer\/fnMHg0j25fFXiMbM4e2MOaqGjZU=\/1440x960\/filters:format(webp):quality(85)\/cloudfront-us-east-1.images.arcpublishing.com\/infobae\/HDLH3TDBM5ECXNCQTDMMIR35SY.jpg 1440w\" alt=\"Daniel Scioli, ayer en Tecn\u00f3polis en el acto oficial por los 100 a\u00f1os de YPF (Nicol\u00e1s Stulberg)\" class=\"\" src=\"https:\/\/cloudfront-us-east-1.images.arcpublishing.com\/infobae\/HDLH3TDBM5ECXNCQTDMMIR35SY.jpg\">Daniel Scioli, ayer en Tecn\u00f3polis en el acto oficial por los 100 a\u00f1os de YPF (Nicol\u00e1s Stulberg)<\/p>\n\n\n\n<p>Poco despu\u00e9s de que conociera el pedido de Alberto Fern\u00e1ndez a Kulfas, desde el arco opositor demandaron una investigaci\u00f3n alrededor de las razones que impulsaron esa decisi\u00f3n del Presidente de la Naci\u00f3n. \u201cOtra vez la interna destap\u00f3 la olla de la corrupci\u00f3n t\u00edpica de un gobierno kirchnerista\u201d, se\u00f1alaron desde el PRO.<\/p>\n\n\n\n<p><img decoding=\"async\" loading=\"lazy\" height=\"1280\" width=\"1920\" srcset=\"https:\/\/www.infobae.com\/new-resizer\/o8Nn-fV649YebyBnzkBGn3NVycc=\/420x280\/filters:format(webp):quality(85)\/cloudfront-us-east-1.images.arcpublishing.com\/infobae\/7YT2Z5LVYRCYFNYTUYWN2QTGBU.jpg 420w,https:\/\/www.infobae.com\/new-resizer\/4nfXh_IqH8Vv8En-MYQlX4gRBKA=\/768x512\/filters:format(webp):quality(85)\/cloudfront-us-east-1.images.arcpublishing.com\/infobae\/7YT2Z5LVYRCYFNYTUYWN2QTGBU.jpg 768w,https:\/\/www.infobae.com\/new-resizer\/ISUUnAsMGl-WzpBP7qIXnDq4So0=\/992x661\/filters:format(webp):quality(85)\/cloudfront-us-east-1.images.arcpublishing.com\/infobae\/7YT2Z5LVYRCYFNYTUYWN2QTGBU.jpg 992w,https:\/\/www.infobae.com\/new-resizer\/oar48TbJe4KXNDdFn6TGYVw6jFk=\/1200x800\/filters:format(webp):quality(85)\/cloudfront-us-east-1.images.arcpublishing.com\/infobae\/7YT2Z5LVYRCYFNYTUYWN2QTGBU.jpg 1200w,https:\/\/www.infobae.com\/new-resizer\/oGZeVYjXq6DzX55NuzY60t3j-hM=\/1440x960\/filters:format(webp):quality(85)\/cloudfront-us-east-1.images.arcpublishing.com\/infobae\/7YT2Z5LVYRCYFNYTUYWN2QTGBU.jpg 1440w\" alt=\"Kulfas tambi\u00e9n estuvo presente ayer en el acto oficial por los 100 a\u00f1os de YPF (Nicol\u00e1s Stulberg)\" class=\"\" src=\"https:\/\/cloudfront-us-east-1.images.arcpublishing.com\/infobae\/7YT2Z5LVYRCYFNYTUYWN2QTGBU.jpg\">Kulfas tambi\u00e9n estuvo presente ayer en el acto oficial por los 100 a\u00f1os de YPF (Nicol\u00e1s Stulberg)<\/p>\n\n\n\n<p>En este sentido, el interbloque de<strong>&nbsp;Juntos por el Cambio<\/strong>&nbsp;en el Senado de la Naci\u00f3n presentar\u00e1 un Proyecto de Comunicaci\u00f3n donde exigir\u00e1 al Poder Ejecutivo precisiones respecto a las denuncias que originaron el despido del ministro de Desarrollo Productivo.<\/p>\n\n\n\n<p>Desde ese sector y en un comunicado oficial, se\u00f1alaron que en dicha solicitud, los senadores requerir\u00e1n precisiones vinculadas a la licitaci\u00f3n que dio origin\u00f3 al mensaje \u201cen off\u201d y difundido por la Vicepresidenta de la Naci\u00f3n\u201d respecto a presuntas cuestiones vinculadas a hechos de corrupci\u00f3n\u201d.<\/p>\n\n\n\n<p>La inesperada decisi\u00f3n de Alberto Fern\u00e1ndez de echar a su ministro de Producci\u00f3n, en tanto, parti\u00f3 aguas en su entorno m\u00e1s cercano, donde algunos recibieron la noticia como un balde de agua fr\u00eda. El funcionario del Gabinete Econ\u00f3mico era uno de los miembros de la tropa de confianza del Presidente, y uno de los principales apuntados por Cristina Kirchner. Su salida fue interpretada por los \u201calbertistas\u201d con perplejidad y desconfianza por el futuro del ala moderada, mientras que otros la consideraron como un paso a favor de la d\u00e9bil unidad del Frente de Todos. En la Casa Rosada hay quienes creen que, a pesar del sabor amargo, la movida les permitir\u00e1 resguardar lo poco que queda de la dificultosa alianza con la vicepresidenta para evitar una derrota segura en las pr\u00f3ximas elecciones. En tanto, el kirchnerismo, como era de esperarse, festej\u00f3 la sentencia y la apreci\u00f3 como un nuevo triunfo en la pelea interna contra la Casa Rosada.<\/p>\n\n\n\n<p><img decoding=\"async\" loading=\"lazy\" height=\"1080\" width=\"1920\" srcset=\"https:\/\/www.infobae.com\/new-resizer\/0ApruqSvxPt3prRusrfna6x6Nkw=\/420x236\/filters:format(webp):quality(85)\/cloudfront-us-east-1.images.arcpublishing.com\/infobae\/MXGNAKLDJJGLVDW7WMXENIU5MM.jpg 420w,https:\/\/www.infobae.com\/new-resizer\/Fm5d7RnK7vM_EB5PPpoE_FK9eWc=\/768x432\/filters:format(webp):quality(85)\/cloudfront-us-east-1.images.arcpublishing.com\/infobae\/MXGNAKLDJJGLVDW7WMXENIU5MM.jpg 768w,https:\/\/www.infobae.com\/new-resizer\/viXjKjdNw_KKdxTXrKlQDCC-jCA=\/992x558\/filters:format(webp):quality(85)\/cloudfront-us-east-1.images.arcpublishing.com\/infobae\/MXGNAKLDJJGLVDW7WMXENIU5MM.jpg 992w,https:\/\/www.infobae.com\/new-resizer\/tq1aKHLwt8E1apiIDVdUQh8U-Sw=\/1200x675\/filters:format(webp):quality(85)\/cloudfront-us-east-1.images.arcpublishing.com\/infobae\/MXGNAKLDJJGLVDW7WMXENIU5MM.jpg 1200w,https:\/\/www.infobae.com\/new-resizer\/EyAjYnlEOE6p2A3j3rvhbVmPqBI=\/1440x810\/filters:format(webp):quality(85)\/cloudfront-us-east-1.images.arcpublishing.com\/infobae\/MXGNAKLDJJGLVDW7WMXENIU5MM.jpg 1440w\" alt=\"Dos cuestionados por el kirchnerismo, como Mart\u00edn Guzm\u00e1n (ministro de Econom\u00eda) y Kulfas, asistieron ayer en la primera fila al evento por los 100 a\u00f1os de YPF en Tecn\u00f3polis\" class=\"\" src=\"https:\/\/cloudfront-us-east-1.images.arcpublishing.com\/infobae\/MXGNAKLDJJGLVDW7WMXENIU5MM.jpg\">Dos cuestionados por el kirchnerismo, como Mart\u00edn Guzm\u00e1n (ministro de Econom\u00eda) y Kulfas, asistieron ayer en la primera fila al evento por los 100 a\u00f1os de YPF en Tecn\u00f3polis<\/p>\n\n\n\n<p>El pedido de renuncia a Kulfas cay\u00f3 mal en algunos despachos, que vieron en la decisi\u00f3n de Alberto Fern\u00e1ndez la ratificaci\u00f3n de un modus operandi que se repite desde que comenzaron a evidenciarse las cr\u00edticas kirchneristas, principalmente durante 2021.&nbsp;<strong>\u201cEl problema de Alberto es que viene matando entre los suyos.&nbsp;<\/strong>Sac\u00f3 a (el ex ministro de Salud) Gin\u00e9s (Gonz\u00e1lez Garc\u00eda), a (la ex ministra de Justicia, Marcela) Losardo, y no le pega nunca a ninguno de ellos\u201d, dijo un alto funcionario del albertismo.&nbsp;<strong>\u201cA nosotros no nos perdona nada y a los ajenos les perdona lo imperdonable, como pas\u00f3 con (la jefa de PAMI), Luana (Volnovich)\u201d<\/strong>, se quej\u00f3, en alusi\u00f3n al viaje al exterior que hizo la funcionaria camporista en el verano con el segundo al mando de la obra social a pesar de que se hab\u00edan desalentado las vacaciones internacionales.<\/p>\n\n\n\n<p>En la otra trinchera, el kirchnerismo festejaba la decisi\u00f3n. Si bien no hubo alardes p\u00fablicos -tampoco se manifestaron los albertistas-, por lo bajo algunos funcionarios se regodeaban y consideraban la salida de Kulfas como un triunfo. Desde el a\u00f1o pasado hab\u00edan empezado a mostrar fuerte malestar con lo que llamaron \u201cguerra de off\u201d, y, sinti\u00e9ndose agraviados, apuntaron contra los ministros m\u00e1s cercanos a Alberto Fern\u00e1ndez como responsables de los trascendidos en los medios. Sin embargo, hasta el tuit que respald\u00f3 Cristina Kirchner, este mediod\u00eda, no hab\u00edan hecho se\u00f1alamientos puntuales a viva voz. \u201cAlguna de todas las que nos hicieron les iba a salir mal\u201d, desliz\u00f3 con aires de satisfacci\u00f3n un funcionario que responde a La C\u00e1mpora.<\/p>\n","protected":false},"excerpt":{"rendered":"<p>Pocas horas despu\u00e9s de que el propio Alberto Fern\u00e1ndez le pidiera la renuncia al ministro de Desarrollo Productivo, Mat\u00edas Kulfas, desde el Gobierno anunciaron que Daniel Scioli ser\u00e1 quien ocupe el cargo desde ahora. En las \u00faltimas horas del viernes, desde un sector del Gobierno acusaron a funcionarios cristinistas de armar el pliego de licitaci\u00f3n [&hellip;]<\/p>\n","protected":false},"author":40,"featured_media":340912,"comment_status":"open","ping_status":"open","sticky":false,"template":"","format":"standard","meta":{"_stopmodifiedupdate":false,"_modified_date":"","inline_featured_image":false,"spay_email":"","jetpack_publicize_message":""},"categories":[501],"tags":[],"jetpack_featured_media_url":"https:\/\/notinor.com\/jujuy\/wp-content\/uploads\/2022\/06\/daniel-scioli-20210610-1188998.jpg","jetpack_publicize_connections":[],"_links":{"self":[{"href":"https:\/\/notinor.com\/jujuy\/wp-json\/wp\/v2\/posts\/340911"}],"collection":[{"href":"https:\/\/notinor.com\/jujuy\/wp-json\/wp\/v2\/posts"}],"about":[{"href":"https:\/\/notinor.com\/jujuy\/wp-json\/wp\/v2\/types\/post"}],"author":[{"embeddable":true,"href":"https:\/\/notinor.com\/jujuy\/wp-json\/wp\/v2\/users\/40"}],"replies":[{"embeddable":true,"href":"https:\/\/notinor.com\/jujuy\/wp-json\/wp\/v2\/comments?post=340911"}],"version-history":[{"count":1,"href":"https:\/\/notinor.com\/jujuy\/wp-json\/wp\/v2\/posts\/340911\/revisions"}],"predecessor-version":[{"id":340913,"href":"https:\/\/notinor.com\/jujuy\/wp-json\/wp\/v2\/posts\/340911\/revisions\/340913"}],"wp:featuredmedia":[{"embeddable":true,"href":"https:\/\/notinor.com\/jujuy\/wp-json\/wp\/v2\/media\/340912"}],"wp:attachment":[{"href":"https:\/\/notinor.com\/jujuy\/wp-json\/wp\/v2\/media?parent=340911"}],"wp:term":[{"taxonomy":"category","embeddable":true,"href":"https:\/\/notinor.com\/jujuy\/wp-json\/wp\/v2\/categories?post=340911"},{"taxonomy":"post_tag","embeddable":true,"href":"https:\/\/notinor.com\/jujuy\/wp-json\/wp\/v2\/tags?post=340911"}],"curies":[{"name":"wp","href":"https:\/\/api.w.org\/{rel}","templated":true}]}}