{"id":340856,"date":"2022-06-03T17:00:59","date_gmt":"2022-06-03T20:00:59","guid":{"rendered":"https:\/\/notinor.com\/jujuy\/?p=340856"},"modified":"2022-06-03T19:39:29","modified_gmt":"2022-06-03T22:39:29","slug":"apoyo-escolar-en-diferentes-barrios-de-san-pedro-de-jujuy","status":"publish","type":"post","link":"https:\/\/notinor.com\/jujuy\/apoyo-escolar-en-diferentes-barrios-de-san-pedro-de-jujuy\/","title":{"rendered":"Apoyo escolar en diferentes barrios de San Pedro de Jujuy"},"content":{"rendered":"\n<p>El Municipio de la ciudad de San Pedro de Jujuy informa que el pr\u00f3ximo lunes 6 de junio se inicia el apoyo escolar en los siguientes barrios de la ciudad: barrio Snopek, d\u00edas martes y jueves de 9 a 12 hs.; barrio San Mart\u00edn, lunes y jueves de 8 a 12 hs.; barrio Horacio Guzm\u00e1n, lunes y jueves de 9:30 a 12 hs., barrio G\u00fcemes, lunes y mi\u00e9rcoles de 16 a 19 horas; barrio Libertad, mi\u00e9rcoles y viernes de 16 a 19 horas; barrio La Merced, martes y jueves de 16 a 19 horas; barrio Primavera, martes y jueves de 16 a 19 hs.; barrio San Miguel, lunes y viernes de 16 a 19 horas.<\/p>\n\n\n\n<div class=\"wp-block-image\"><figure class=\"aligncenter size-large\"><img decoding=\"async\" loading=\"lazy\" width=\"359\" height=\"480\" src=\"https:\/\/notinor.com\/jujuy\/wp-content\/uploads\/2022\/06\/apoyo-escolar-359x480.jpg\" alt=\"\" class=\"wp-image-340857\" srcset=\"https:\/\/notinor.com\/jujuy\/wp-content\/uploads\/2022\/06\/apoyo-escolar-359x480.jpg 359w, https:\/\/notinor.com\/jujuy\/wp-content\/uploads\/2022\/06\/apoyo-escolar-273x365.jpg 273w, https:\/\/notinor.com\/jujuy\/wp-content\/uploads\/2022\/06\/apoyo-escolar.jpg 480w\" sizes=\"(max-width: 359px) 100vw, 359px\" \/><\/figure><\/div>\n","protected":false},"excerpt":{"rendered":"<p>El Municipio de la ciudad de San Pedro de Jujuy informa que el pr\u00f3ximo lunes 6 de junio se inicia el apoyo escolar en los siguientes barrios de la ciudad: barrio Snopek, d\u00edas martes y jueves de 9 a 12 hs.; barrio San Mart\u00edn, lunes y jueves de 8 a 12 hs.; barrio Horacio Guzm\u00e1n, [&hellip;]<\/p>\n","protected":false},"author":49,"featured_media":340857,"comment_status":"open","ping_status":"open","sticky":false,"template":"","format":"standard","meta":{"_stopmodifiedupdate":false,"_modified_date":"","inline_featured_image":false,"spay_email":"","jetpack_publicize_message":""},"categories":[4],"tags":[],"jetpack_featured_media_url":"https:\/\/notinor.com\/jujuy\/wp-content\/uploads\/2022\/06\/apoyo-escolar.jpg","jetpack_publicize_connections":[],"_links":{"self":[{"href":"https:\/\/notinor.com\/jujuy\/wp-json\/wp\/v2\/posts\/340856"}],"collection":[{"href":"https:\/\/notinor.com\/jujuy\/wp-json\/wp\/v2\/posts"}],"about":[{"href":"https:\/\/notinor.com\/jujuy\/wp-json\/wp\/v2\/types\/post"}],"author":[{"embeddable":true,"href":"https:\/\/notinor.com\/jujuy\/wp-json\/wp\/v2\/users\/49"}],"replies":[{"embeddable":true,"href":"https:\/\/notinor.com\/jujuy\/wp-json\/wp\/v2\/comments?post=340856"}],"version-history":[{"count":1,"href":"https:\/\/notinor.com\/jujuy\/wp-json\/wp\/v2\/posts\/340856\/revisions"}],"predecessor-version":[{"id":340858,"href":"https:\/\/notinor.com\/jujuy\/wp-json\/wp\/v2\/posts\/340856\/revisions\/340858"}],"wp:featuredmedia":[{"embeddable":true,"href":"https:\/\/notinor.com\/jujuy\/wp-json\/wp\/v2\/media\/340857"}],"wp:attachment":[{"href":"https:\/\/notinor.com\/jujuy\/wp-json\/wp\/v2\/media?parent=340856"}],"wp:term":[{"taxonomy":"category","embeddable":true,"href":"https:\/\/notinor.com\/jujuy\/wp-json\/wp\/v2\/categories?post=340856"},{"taxonomy":"post_tag","embeddable":true,"href":"https:\/\/notinor.com\/jujuy\/wp-json\/wp\/v2\/tags?post=340856"}],"curies":[{"name":"wp","href":"https:\/\/api.w.org\/{rel}","templated":true}]}}