{"id":340853,"date":"2022-06-03T16:12:58","date_gmt":"2022-06-03T19:12:58","guid":{"rendered":"https:\/\/notinor.com\/jujuy\/?p=340853"},"modified":"2022-06-03T17:54:06","modified_gmt":"2022-06-03T20:54:06","slug":"morales-y-el-embajador-de-canada-preparan-la-participacion-de-jujuy-en-la-convencion-minera-de-toronto","status":"publish","type":"post","link":"https:\/\/notinor.com\/jujuy\/morales-y-el-embajador-de-canada-preparan-la-participacion-de-jujuy-en-la-convencion-minera-de-toronto\/","title":{"rendered":"Morales y el Embajador de Canad\u00e1 preparan la participaci\u00f3n de Jujuy en la Convenci\u00f3n Minera de Toronto"},"content":{"rendered":"\n<p class=\"has-medium-font-size\"><em><strong>El gobernador Gerardo Morales mantuvo un encuentro con el embajador de Canad\u00e1, Reid Douglas Sirrs, de cara a la participaci\u00f3n de Jujuy en la Convenci\u00f3n Minera PDAC 2022 en Toronto.<\/strong><\/em><\/p>\n\n\n\n<div class=\"wp-block-image\"><figure class=\"aligncenter size-large\"><img decoding=\"async\" loading=\"lazy\" width=\"800\" height=\"450\" src=\"https:\/\/notinor.com\/jujuy\/wp-content\/uploads\/2022\/06\/gerardo-morales-embajador-canada.jpg\" alt=\"\" class=\"wp-image-340854\" srcset=\"https:\/\/notinor.com\/jujuy\/wp-content\/uploads\/2022\/06\/gerardo-morales-embajador-canada.jpg 800w, https:\/\/notinor.com\/jujuy\/wp-content\/uploads\/2022\/06\/gerardo-morales-embajador-canada-649x365.jpg 649w, https:\/\/notinor.com\/jujuy\/wp-content\/uploads\/2022\/06\/gerardo-morales-embajador-canada-500x280.jpg 500w, https:\/\/notinor.com\/jujuy\/wp-content\/uploads\/2022\/06\/gerardo-morales-embajador-canada-768x432.jpg 768w, https:\/\/notinor.com\/jujuy\/wp-content\/uploads\/2022\/06\/gerardo-morales-embajador-canada-750x422.jpg 750w\" sizes=\"(max-width: 800px) 100vw, 800px\" \/><\/figure><\/div>\n\n\n\n<p>Gerardo Morales, acompa\u00f1ado por su esposa Tulia Snopek, se reuni\u00f3 en Buenos Aires con el embajador de Canad\u00e1 en Argentina, Reid Douglas Sirrs, a fin de ultimar detalles para la participaci\u00f3n de la delegaci\u00f3n de la Provincia de Jujuy en la Convenci\u00f3n Minera PDAC 2022 que se realizar\u00e1 en Toronto del 13 al 15 de junio de forma presencial, mientras que del 28 al 29 del corriente se desarrollar\u00e1 en modalidad virtual.<\/p>\n\n\n\n<p>La PDAC es la convenci\u00f3n minera y de exploraci\u00f3n de minerales m\u00e1s importante del mundo, organizada por la Asociaci\u00f3n de Prospectores y Desarrolladores de Canad\u00e1 y se presenta como un espacio de encuentro de los diferentes actores de la industria.<\/p>\n","protected":false},"excerpt":{"rendered":"<p>El gobernador Gerardo Morales mantuvo un encuentro con el embajador de Canad\u00e1, Reid Douglas Sirrs, de cara a la participaci\u00f3n de Jujuy en la Convenci\u00f3n Minera PDAC 2022 en Toronto. Gerardo Morales, acompa\u00f1ado por su esposa Tulia Snopek, se reuni\u00f3 en Buenos Aires con el embajador de Canad\u00e1 en Argentina, Reid Douglas Sirrs, a fin [&hellip;]<\/p>\n","protected":false},"author":49,"featured_media":340854,"comment_status":"open","ping_status":"open","sticky":false,"template":"","format":"standard","meta":{"_stopmodifiedupdate":false,"_modified_date":"","inline_featured_image":false,"spay_email":"","jetpack_publicize_message":""},"categories":[2,514],"tags":[],"jetpack_featured_media_url":"https:\/\/notinor.com\/jujuy\/wp-content\/uploads\/2022\/06\/gerardo-morales-embajador-canada.jpg","jetpack_publicize_connections":[],"_links":{"self":[{"href":"https:\/\/notinor.com\/jujuy\/wp-json\/wp\/v2\/posts\/340853"}],"collection":[{"href":"https:\/\/notinor.com\/jujuy\/wp-json\/wp\/v2\/posts"}],"about":[{"href":"https:\/\/notinor.com\/jujuy\/wp-json\/wp\/v2\/types\/post"}],"author":[{"embeddable":true,"href":"https:\/\/notinor.com\/jujuy\/wp-json\/wp\/v2\/users\/49"}],"replies":[{"embeddable":true,"href":"https:\/\/notinor.com\/jujuy\/wp-json\/wp\/v2\/comments?post=340853"}],"version-history":[{"count":1,"href":"https:\/\/notinor.com\/jujuy\/wp-json\/wp\/v2\/posts\/340853\/revisions"}],"predecessor-version":[{"id":340855,"href":"https:\/\/notinor.com\/jujuy\/wp-json\/wp\/v2\/posts\/340853\/revisions\/340855"}],"wp:featuredmedia":[{"embeddable":true,"href":"https:\/\/notinor.com\/jujuy\/wp-json\/wp\/v2\/media\/340854"}],"wp:attachment":[{"href":"https:\/\/notinor.com\/jujuy\/wp-json\/wp\/v2\/media?parent=340853"}],"wp:term":[{"taxonomy":"category","embeddable":true,"href":"https:\/\/notinor.com\/jujuy\/wp-json\/wp\/v2\/categories?post=340853"},{"taxonomy":"post_tag","embeddable":true,"href":"https:\/\/notinor.com\/jujuy\/wp-json\/wp\/v2\/tags?post=340853"}],"curies":[{"name":"wp","href":"https:\/\/api.w.org\/{rel}","templated":true}]}}