{"id":340850,"date":"2022-06-03T15:41:05","date_gmt":"2022-06-03T18:41:05","guid":{"rendered":"https:\/\/notinor.com\/jujuy\/?p=340850"},"modified":"2022-06-03T17:02:43","modified_gmt":"2022-06-03T20:02:43","slug":"relevamiento-de-la-pequena-produccion-ganadera-de-los-valles-templados-de-jujuy","status":"publish","type":"post","link":"https:\/\/notinor.com\/jujuy\/relevamiento-de-la-pequena-produccion-ganadera-de-los-valles-templados-de-jujuy\/","title":{"rendered":"Relevamiento de la peque\u00f1a producci\u00f3n ganadera de los valles templados de Jujuy"},"content":{"rendered":"\n<p class=\"has-medium-font-size\"><strong><em>Con el objetivo de gestionar ayudas a los peque\u00f1os productores ganaderos, bovinos, caprinos, ovinos y porcinos, que est\u00e1n en las zonas marginales y en situaci\u00f3n cr\u00edtica y de emergencia del Municipio.<\/em><\/strong><\/p>\n\n\n\n<div class=\"wp-block-image\"><figure class=\"aligncenter size-large\"><img decoding=\"async\" loading=\"lazy\" width=\"475\" height=\"480\" src=\"https:\/\/notinor.com\/jujuy\/wp-content\/uploads\/2022\/06\/produccion-ganadera-475x480.jpg\" alt=\"\" class=\"wp-image-340851\" srcset=\"https:\/\/notinor.com\/jujuy\/wp-content\/uploads\/2022\/06\/produccion-ganadera-475x480.jpg 475w, https:\/\/notinor.com\/jujuy\/wp-content\/uploads\/2022\/06\/produccion-ganadera-361x365.jpg 361w, https:\/\/notinor.com\/jujuy\/wp-content\/uploads\/2022\/06\/produccion-ganadera-75x75.jpg 75w, https:\/\/notinor.com\/jujuy\/wp-content\/uploads\/2022\/06\/produccion-ganadera.jpg 480w\" sizes=\"(max-width: 475px) 100vw, 475px\" \/><\/figure><\/div>\n\n\n\n<p>Por tal raz\u00f3n, se convoca al registro de datos que se realizar\u00e1 desde el 1 al 15 de junio en IFM (Instituto de Formaci\u00f3n Municipal) de lunes a viernes de 09:00 a 13:00 horas en Paseo de los Artesanos o en la Secretaria de Desarrollo Productivo, los d\u00edas lunes, mi\u00e9rcoles y iernes de 14:00&nbsp; a 17:00 horas en Avda. Nicol\u00e1s Lamas esquina Canad\u00e1 o comunicarse a los tel\u00e9fonos: 3886039742 o 3884133281.<\/p>\n","protected":false},"excerpt":{"rendered":"<p>Con el objetivo de gestionar ayudas a los peque\u00f1os productores ganaderos, bovinos, caprinos, ovinos y porcinos, que est\u00e1n en las zonas marginales y en situaci\u00f3n cr\u00edtica y de emergencia del Municipio. Por tal raz\u00f3n, se convoca al registro de datos que se realizar\u00e1 desde el 1 al 15 de junio en IFM (Instituto de Formaci\u00f3n [&hellip;]<\/p>\n","protected":false},"author":49,"featured_media":340851,"comment_status":"open","ping_status":"open","sticky":false,"template":"","format":"standard","meta":{"_stopmodifiedupdate":false,"_modified_date":"","inline_featured_image":false,"spay_email":"","jetpack_publicize_message":""},"categories":[4],"tags":[],"jetpack_featured_media_url":"https:\/\/notinor.com\/jujuy\/wp-content\/uploads\/2022\/06\/produccion-ganadera.jpg","jetpack_publicize_connections":[],"_links":{"self":[{"href":"https:\/\/notinor.com\/jujuy\/wp-json\/wp\/v2\/posts\/340850"}],"collection":[{"href":"https:\/\/notinor.com\/jujuy\/wp-json\/wp\/v2\/posts"}],"about":[{"href":"https:\/\/notinor.com\/jujuy\/wp-json\/wp\/v2\/types\/post"}],"author":[{"embeddable":true,"href":"https:\/\/notinor.com\/jujuy\/wp-json\/wp\/v2\/users\/49"}],"replies":[{"embeddable":true,"href":"https:\/\/notinor.com\/jujuy\/wp-json\/wp\/v2\/comments?post=340850"}],"version-history":[{"count":1,"href":"https:\/\/notinor.com\/jujuy\/wp-json\/wp\/v2\/posts\/340850\/revisions"}],"predecessor-version":[{"id":340852,"href":"https:\/\/notinor.com\/jujuy\/wp-json\/wp\/v2\/posts\/340850\/revisions\/340852"}],"wp:featuredmedia":[{"embeddable":true,"href":"https:\/\/notinor.com\/jujuy\/wp-json\/wp\/v2\/media\/340851"}],"wp:attachment":[{"href":"https:\/\/notinor.com\/jujuy\/wp-json\/wp\/v2\/media?parent=340850"}],"wp:term":[{"taxonomy":"category","embeddable":true,"href":"https:\/\/notinor.com\/jujuy\/wp-json\/wp\/v2\/categories?post=340850"},{"taxonomy":"post_tag","embeddable":true,"href":"https:\/\/notinor.com\/jujuy\/wp-json\/wp\/v2\/tags?post=340850"}],"curies":[{"name":"wp","href":"https:\/\/api.w.org\/{rel}","templated":true}]}}