{"id":340841,"date":"2022-06-03T11:02:37","date_gmt":"2022-06-03T14:02:37","guid":{"rendered":"https:\/\/notinor.com\/jujuy\/?p=340841"},"modified":"2022-06-03T11:09:35","modified_gmt":"2022-06-03T14:09:35","slug":"gam-5-ataco-salvajemente-a-su-expareja-y-a-un-camarada","status":"publish","type":"post","link":"https:\/\/notinor.com\/jujuy\/gam-5-ataco-salvajemente-a-su-expareja-y-a-un-camarada\/","title":{"rendered":"GAM 5: Atac\u00f3 salvajemente a su expareja y a un camarada"},"content":{"rendered":"\n<p>Un efectivo del ej\u00e9rcito atac\u00f3 violentamente a su ex pareja y a un camarada quienes se encontraban en el interior de una vivienda del barrio militar ubicado en Los Huaicos.<\/p>\n\n\n\n<figure class=\"wp-block-image size-large is-resized\"><img decoding=\"async\" loading=\"lazy\" src=\"https:\/\/notinor.com\/jujuy\/wp-content\/uploads\/2022\/06\/Captura-3.png\" alt=\"\" class=\"wp-image-340844\" width=\"1156\" height=\"505\"\/><\/figure>\n\n\n\n<p><strong>Un subjefe del Grupo de Artiller\u00eda de Monta\u00f1a 5 y una mujer fueron brutalmente atacados en el barrio de Suboficiales en la capital juje\u00f1a<\/strong>. El agresor, un cabo del Ej\u00e9rcito, apu\u00f1al\u00f3 al hombre y luego golpe\u00f3 a la mujer.<\/p>\n\n\n\n<p><strong>El hecho se registr\u00f3 alrededor de las 16 horas del jueves cuando en una de las viviendas del barrio de Suboficiales, dentro del predio del GAM 5, se encontraban el subjefe de la Guarnici\u00f3n junto a una mujer civil de 27 a\u00f1os y con domicilio en ese sitio. En esas circunstancias se hizo presente la ex pareja de la femenino y se produjo una fuerte discusi\u00f3n que desencaden\u00f3 en una pelea entre ambos sujetos. Luego agresor golpe\u00f3 salvajemente a la mujer para despu\u00e9s huir del lugar.<\/strong><\/p>\n\n\n\n<p>Adem\u00e1s el efectivo de apellido Gonz\u00e1lez atac\u00f3 a golpes a su camarada, actual pareja de la v\u00edctima, a quien tambi\u00e9n le propin\u00f3 una feroz golpiza y provoc\u00f3 que se rompiera un vidrio, provoc\u00e1ndole heridas cortantes en los antebrazos.&nbsp;<\/p>\n\n\n\n<p>Las mismas fuentes que fueron consultadas por nuestro diario, permitieron saber que la justicia tom\u00f3 conocimiento del violento hecho, luego de la intervenci\u00f3n del personal del Same y el traslado de la mujer a la guardia del hospital Pablo Soria. Es que, seg\u00fan supo, desde el GAM 5 no dieron intervenci\u00f3n a la justicia para abordar el delicado tema.&nbsp;<\/p>\n\n\n\n<p>El atacante fue interceptado por sus propios camaradas y horas despu\u00e9s, por una orden del Juzgado de Violencia de G\u00e9nero, el hombre fue detenido e imputado por la supuesta autor\u00eda de \u201clesiones graves agravadas por quien mediare violencia de g\u00e9nero y violaci\u00f3n a las medidas judiciales\u201d, quedando alojado en sede de la Brigada de Investigaciones.<\/p>\n\n\n\n<p><strong>Por una orden del Juzgado de Violencia de G\u00e9nero, el hombre fue detenido e imputado por la supuesta autor\u00eda de \u201clesiones graves agravadas por quien mediare violencia de g\u00e9nero y violaci\u00f3n a las medidas judiciales\u201d, quedando alojado en sede de la Brigada de Investigaciones.<\/strong><\/p>\n","protected":false},"excerpt":{"rendered":"<p>Un efectivo del ej\u00e9rcito atac\u00f3 violentamente a su ex pareja y a un camarada quienes se encontraban en el interior de una vivienda del barrio militar ubicado en Los Huaicos. Un subjefe del Grupo de Artiller\u00eda de Monta\u00f1a 5 y una mujer fueron brutalmente atacados en el barrio de Suboficiales en la capital juje\u00f1a. El [&hellip;]<\/p>\n","protected":false},"author":40,"featured_media":340844,"comment_status":"open","ping_status":"open","sticky":false,"template":"","format":"standard","meta":{"_stopmodifiedupdate":false,"_modified_date":"","inline_featured_image":false,"spay_email":"","jetpack_publicize_message":""},"categories":[2,3],"tags":[],"jetpack_featured_media_url":"https:\/\/notinor.com\/jujuy\/wp-content\/uploads\/2022\/06\/Captura-3.png","jetpack_publicize_connections":[],"_links":{"self":[{"href":"https:\/\/notinor.com\/jujuy\/wp-json\/wp\/v2\/posts\/340841"}],"collection":[{"href":"https:\/\/notinor.com\/jujuy\/wp-json\/wp\/v2\/posts"}],"about":[{"href":"https:\/\/notinor.com\/jujuy\/wp-json\/wp\/v2\/types\/post"}],"author":[{"embeddable":true,"href":"https:\/\/notinor.com\/jujuy\/wp-json\/wp\/v2\/users\/40"}],"replies":[{"embeddable":true,"href":"https:\/\/notinor.com\/jujuy\/wp-json\/wp\/v2\/comments?post=340841"}],"version-history":[{"count":2,"href":"https:\/\/notinor.com\/jujuy\/wp-json\/wp\/v2\/posts\/340841\/revisions"}],"predecessor-version":[{"id":340845,"href":"https:\/\/notinor.com\/jujuy\/wp-json\/wp\/v2\/posts\/340841\/revisions\/340845"}],"wp:featuredmedia":[{"embeddable":true,"href":"https:\/\/notinor.com\/jujuy\/wp-json\/wp\/v2\/media\/340844"}],"wp:attachment":[{"href":"https:\/\/notinor.com\/jujuy\/wp-json\/wp\/v2\/media?parent=340841"}],"wp:term":[{"taxonomy":"category","embeddable":true,"href":"https:\/\/notinor.com\/jujuy\/wp-json\/wp\/v2\/categories?post=340841"},{"taxonomy":"post_tag","embeddable":true,"href":"https:\/\/notinor.com\/jujuy\/wp-json\/wp\/v2\/tags?post=340841"}],"curies":[{"name":"wp","href":"https:\/\/api.w.org\/{rel}","templated":true}]}}