{"id":340835,"date":"2022-06-03T10:53:02","date_gmt":"2022-06-03T13:53:02","guid":{"rendered":"https:\/\/notinor.com\/jujuy\/?p=340835"},"modified":"2022-06-03T10:53:08","modified_gmt":"2022-06-03T13:53:08","slug":"fomentar-empleo-anses-como-cobrar-hasta-25-000-por-aprender-a-trabajar","status":"publish","type":"post","link":"https:\/\/notinor.com\/jujuy\/fomentar-empleo-anses-como-cobrar-hasta-25-000-por-aprender-a-trabajar\/","title":{"rendered":"Fomentar Empleo ANSES: c\u00f3mo cobrar hasta $25.000 por aprender a trabajar"},"content":{"rendered":"\n<h2>Las prestaciones de la&nbsp;<strong>ANSES<\/strong>&nbsp;son compatibles con este programa del&nbsp;<strong>Ministerio de Trabajo<\/strong>. Est\u00e1 dirigido a&nbsp;aquellas personas de entre 18 y 64 a\u00f1os, que estaban en b\u00fasqueda activa de trabajo.&nbsp;<strong><em>Enterate de todos los detalles.<\/em><\/strong><\/h2>\n\n\n\n<figure class=\"wp-block-image is-resized\"><img decoding=\"async\" loading=\"lazy\" src=\"https:\/\/www.cronica.com.ar\/__export\/1654257247057\/sites\/cronica\/img\/2022\/06\/03\/fomentar_empleo_1_crop1654257184316.jpg_1734428432.jpg\" alt=\"Los postulantes deben tener entre 18 y 64 a\u00f1os (Imagen ilustrativa).\" width=\"1144\" height=\"644\"\/><figcaption>Los postulantes deben tener entre 18 y 64 a\u00f1os (Imagen ilustrativa).<\/figcaption><\/figure>\n\n\n\n<p>Un nuevo beneficio fue puesto en marcha por el Ministerio de Trabajo de la Naci\u00f3n, que lanz\u00f3 el programa Fomentar Empleo, destinado a personas de entre 18 y 64 a\u00f1os en busca de una actividad remunerada, y les da acceso a prestaciones de hasta $25.000.<\/p>\n\n\n\n<p>Lo cierto, es que el plan Fomentar Empleo funciona a trav\u00e9s del sitio web&nbsp;<strong>Portal Empleo<\/strong>, en el que&nbsp;las personas pueden&nbsp;<strong>subir un curriculum vitae online<\/strong>,&nbsp;<strong>ver las b\u00fasquedas laborales de las empresas<\/strong>&nbsp;y&nbsp;<strong>hacer cursos y capacitaciones que pagan hasta $25.000<\/strong>.<\/p>\n\n\n\n<p>Adem\u00e1s, este programa es compatible con las prestaciones sociales de\u00a0<strong>Mi ANSES<\/strong>, seg\u00fan informaron a trav\u00e9s de\u00a0<strong><em>anses.gov.ar<\/em><\/strong>.\u00a0<\/p>\n\n\n\n<p>La iniciativa est\u00e1 dirigida a aquellos que&nbsp;<strong>no cuenten con trabajo registrado&nbsp;<\/strong>en el sistema de seguridad social dentro de los \u00faltimos 90 d\u00edas&nbsp;(tres meses). Quedan exceptuados el Monotributo Social y el R\u00e9gimen Especial para el Personal de Casas Particulares, y que no sean titulares o beneficiarios de obra social ni prepaga.<\/p>\n\n\n\n<h2><strong>Fomentar Empleo ANSES: \u00bfCu\u00e1les son los montos?<\/strong><\/h2>\n\n\n\n<p>Quienes pertenezcan a alguno de los grupos mencionados anteriormente y realicen prestaciones a trav\u00e9s de Fomentar Empleo&nbsp;<strong>podr\u00edan percibir un incentivo econ\u00f3mico mensual.<\/strong>&nbsp;Tendr\u00e1n prioridad para el cobro aquellos que&nbsp;<strong>declaren tener menores a cargo y que no culminaron el nivel educativo terciario o universitario,&nbsp;<\/strong>y j\u00f3venes de entre 18 a 24 a\u00f1os que no tengan el secundario finalizado.<\/p>\n\n\n\n<p>En tanto, las personas que sean beneficiarias de otros programas sociales o educativos&nbsp;<strong>no podr\u00e1n recibir asignaciones econ\u00f3micas:<\/strong><\/p>\n\n\n\n<p><strong>- Quienes lleven a cabo cursos de formaci\u00f3n profesional recibir\u00e1n&nbsp;$15.000 mensuales.<\/strong><\/p>\n\n\n\n<p><strong>- Quienes lleven a cabo cursos de orientaci\u00f3n laboral, hasta\u00a0$15.000.<\/strong><\/p>\n\n\n\n<p><strong>&nbsp;Quienes lleven a cabo cursos de entrenamiento para el trabajo, hasta&nbsp;$23.000.<\/strong><\/p>\n\n\n\n<p><strong>- Quienes lleven a cabo cursos de inserci\u00f3n laboral,&nbsp;$25.000.<\/strong><\/p>\n\n\n\n<h2><strong>Fomentar Empleo ANSES: \u00bfQui\u00e9nes pueden acceder y requisitos?<\/strong><\/h2>\n\n\n\n<p>- J\u00f3venes de 18 a 24 a\u00f1os, sin secundario completo y\/o con menores a cargo.<\/p>\n\n\n\n<p>- Mujeres de 25 a 59 a\u00f1os, con menores a cargo y sin estudios superiores.<\/p>\n\n\n\n<p>- Varones de 45 a 64 a\u00f1os, con menores a cargo y sin estudios superiores.<\/p>\n\n\n\n<p>- Personas de la diversidad sexual.<\/p>\n\n\n\n<p>&nbsp;Discapacitados que cuenten con el Certificado \u00danico de Discapacidad (CUD) vigente.<\/p>\n\n\n\n<p>- Poblaciones de alto riesgo de exclusi\u00f3n del mercado laboral.<\/p>\n\n\n\n<p>- Personas egresadas del Programa Acompa\u00f1ar.<\/p>\n\n\n\n<p>- Quienes participen del Programa Potenciar.<\/p>\n\n\n\n<p>- Participantes del Programa Progresar.<\/p>\n\n\n\n<h2><strong>Fomentar Empleo ANSES: \u00bfc\u00f3mo inscribirse?<\/strong><\/h2>\n\n\n\n<p>-Ingresar&nbsp;a&nbsp;<a href=\"https:\/\/www.portalempleo.gob.ar\/\" target=\"_blank\" rel=\"noreferrer noopener\"><strong>portalempleo.gob.ar<\/strong><\/a><\/p>\n\n\n\n<p>-Registrarse&nbsp;con&nbsp;su DNI, Nro. de tr\u00e1mite, mail y crear&nbsp;una contrase\u00f1a para validar sus datos.<\/p>\n\n\n\n<p><strong>-Armar&nbsp;tu CV:&nbsp;<\/strong>cargar&nbsp;sus estudios, experiencia laboral, idiomas, cursos. Puede editarlo y&nbsp;modificarlo la cantidad de veces que lo necesite.<\/p>\n","protected":false},"excerpt":{"rendered":"<p>Las prestaciones de la&nbsp;ANSES&nbsp;son compatibles con este programa del&nbsp;Ministerio de Trabajo. Est\u00e1 dirigido a&nbsp;aquellas personas de entre 18 y 64 a\u00f1os, que estaban en b\u00fasqueda activa de trabajo.&nbsp;Enterate de todos los detalles. Un nuevo beneficio fue puesto en marcha por el Ministerio de Trabajo de la Naci\u00f3n, que lanz\u00f3 el programa Fomentar Empleo, destinado a [&hellip;]<\/p>\n","protected":false},"author":40,"featured_media":340836,"comment_status":"open","ping_status":"open","sticky":false,"template":"","format":"standard","meta":{"_stopmodifiedupdate":false,"_modified_date":"","inline_featured_image":false,"spay_email":"","jetpack_publicize_message":""},"categories":[5],"tags":[],"jetpack_featured_media_url":"https:\/\/notinor.com\/jujuy\/wp-content\/uploads\/2022\/06\/Captura-1.png","jetpack_publicize_connections":[],"_links":{"self":[{"href":"https:\/\/notinor.com\/jujuy\/wp-json\/wp\/v2\/posts\/340835"}],"collection":[{"href":"https:\/\/notinor.com\/jujuy\/wp-json\/wp\/v2\/posts"}],"about":[{"href":"https:\/\/notinor.com\/jujuy\/wp-json\/wp\/v2\/types\/post"}],"author":[{"embeddable":true,"href":"https:\/\/notinor.com\/jujuy\/wp-json\/wp\/v2\/users\/40"}],"replies":[{"embeddable":true,"href":"https:\/\/notinor.com\/jujuy\/wp-json\/wp\/v2\/comments?post=340835"}],"version-history":[{"count":1,"href":"https:\/\/notinor.com\/jujuy\/wp-json\/wp\/v2\/posts\/340835\/revisions"}],"predecessor-version":[{"id":340837,"href":"https:\/\/notinor.com\/jujuy\/wp-json\/wp\/v2\/posts\/340835\/revisions\/340837"}],"wp:featuredmedia":[{"embeddable":true,"href":"https:\/\/notinor.com\/jujuy\/wp-json\/wp\/v2\/media\/340836"}],"wp:attachment":[{"href":"https:\/\/notinor.com\/jujuy\/wp-json\/wp\/v2\/media?parent=340835"}],"wp:term":[{"taxonomy":"category","embeddable":true,"href":"https:\/\/notinor.com\/jujuy\/wp-json\/wp\/v2\/categories?post=340835"},{"taxonomy":"post_tag","embeddable":true,"href":"https:\/\/notinor.com\/jujuy\/wp-json\/wp\/v2\/tags?post=340835"}],"curies":[{"name":"wp","href":"https:\/\/api.w.org\/{rel}","templated":true}]}}