{"id":339459,"date":"2022-05-23T11:04:43","date_gmt":"2022-05-23T14:04:43","guid":{"rendered":"https:\/\/notinor.com\/jujuy\/?p=339459"},"modified":"2022-05-23T11:04:49","modified_gmt":"2022-05-23T14:04:49","slug":"dia-mundial-de-la-tortuga","status":"publish","type":"post","link":"https:\/\/notinor.com\/jujuy\/dia-mundial-de-la-tortuga\/","title":{"rendered":"D\u00eda Mundial de la Tortuga"},"content":{"rendered":"\n<p><strong>El 23 de mayo se celebra el D\u00eda Mundial de la Tortuga,<\/strong>\u00a0para concienciar a la poblaci\u00f3n mundial acerca de esta especie que se encuentra en peligro de extinci\u00f3n.<\/p>\n\n\n\n<div class=\"wp-block-image\"><figure class=\"aligncenter is-resized\"><img decoding=\"async\" loading=\"lazy\" src=\"https:\/\/fundacion-biodiversidad.es\/sites\/default\/files\/styles\/noticias_prensa\/public\/noticias\/tortuga-verde-dia-mundial-tortugas.jpg?itok=Sk-ULWgf\" alt=\"Fundaci\u00f3n Biodiversidad | Celebramos el D\u00eda Mundial de las Tortugas Marinas\" width=\"1151\" height=\"524\"\/><\/figure><\/div>\n\n\n\n<p>Asimismo, promueve las acciones necesarias para proteger y ayudar la supervivencia de estos reptiles ancestrales.<\/p>\n\n\n\n<h2 id=\"resTit_1\">Origen del D\u00eda Mundial de la Tortura<\/h2>\n\n\n\n<p>Este d\u00eda mundial surgi\u00f3 en el a\u00f1o 2000 por iniciativa de la ONG estadounidense&nbsp;<strong>American Tortoise Rescue (<\/strong>organizaci\u00f3n creada en 1990 para proteger a todas las especies de tortugas terrestres y marinas), con la finalidad de divulgar informaci\u00f3n acerca de la importancia de las tortugas, as\u00ed como incentivar el respeto a esta especie reptil.<\/p>\n\n\n\n<p>Algunos de los factores que ponen en riesgo la conservaci\u00f3n de las especies de tortugas est\u00e1n relacionados con la destrucci\u00f3n de su h\u00e1bitat, el comercio de su carne para la elaboraci\u00f3n de comidas ex\u00f3ticas, as\u00ed como el tr\u00e1fico y comercio ilegal de huevos y de tortugas.<\/p>\n\n\n\n<h2 id=\"resTit_2\">Curiosidades sobre las tortugas<\/h2>\n\n\n\n<p>Conoce algunos datos curiosos e interesantes sobre las tortugas:<\/p>\n\n\n\n<ul><li>Las&nbsp;<strong>tortugas o quelonios<\/strong>&nbsp;forman parte del orden de los reptiles (<em><strong>Sauropsida<\/strong><\/em>)<\/li><li>Gran parte de la columna vertebral de las tortugas est\u00e1 unida a la parte dorsal del caparaz\u00f3n.<\/li><li>Se estima que existen unas&nbsp;<strong>357 especies de tortugas<\/strong>, varias de las cuales se encuentran bajo amenaza de extinci\u00f3n debido a factores como el cambio clim\u00e1tico, la contaminaci\u00f3n ambiental y la caza furtiva.<\/li><\/ul>\n\n\n\n<h2 id=\"resTit_3\">Filmograf\u00eda sobre el tema<\/h2>\n\n\n\n<p>Mostramos algunos t\u00edtulos de documentales y pel\u00edculas acerca de las tortugas, para disfrutar y compartir en familia:<\/p>\n\n\n\n<ul><li><strong><em>El Ascenso de las Tortugas Ninja: la pel\u00edcula (EEUU. Director: Andy Suriano. A\u00f1o 2022)<\/em>:<\/strong>&nbsp;en esta divertida pel\u00edcula animada las Tortugas Ninja adolescentes se enfrentan a la especie alien\u00edgena \"Krang\", para salvar al mundo.<\/li><li><em><strong>La Tortuga del Desierto (Espa\u00f1a. Director: Aitor Valde\u00f3n. A\u00f1o 2017):<\/strong><\/em>&nbsp;documental conducido por un grupo de bioge\u00f3grafos del Departamento de Geograf\u00eda de la Universidad de Zaragoza. Muestran a una poblaci\u00f3n de gal\u00e1pagos europeos que habitan en un desierto de la Pen\u00ednsula Ib\u00e9rica.<\/li><li><em><strong>La Tortuga Roja (Francia. Director: Michael Dudok de Wit. A\u00f1o 2016):<\/strong><\/em>&nbsp;pel\u00edcula animada que muestra a un hombre que naufraga en una isla tropical. Intentar\u00e1 desesperadamente salir de la isla, encontr\u00e1ndose a una peculiar tortuga roja que cambiar\u00e1 su vida.<\/li><li><em><strong>La Tortuga de 40 pies de altura (Espa\u00f1a. Director: Jacinto Piniella Moris. A\u00f1o 2012):<\/strong><\/em>&nbsp;un extravagante cient\u00edfico se dedica a realizar experimentos imposibles: la pastilla crecepelo. Por accidente su tortuga ingiere una pastilla, dando inicio a una descabellada aventura.<\/li><li><em><strong>Las Aventuras de Sammy 3D (B\u00e9lgica. Director: Ben Stassen. A\u00f1o 2010):<\/strong><\/em>&nbsp;Sammy es una tortuga que sue\u00f1a con regresar a su lugar de origen para reproducirse. Deber\u00e1 afrontar grandes adversidades al surcar los oc\u00e9anos, debido a los estragos generados por el calentamiento global.<\/li><li><em><strong>Walt Disney's Silly Symphony: The Tortoise and the Hare (EEUU. Director: Wilfred Jackson. A\u00f1o 1935):<\/strong><\/em>&nbsp;en esta versi\u00f3n animada de la f\u00e1bula de Esopo, Max Liebre y Toby Tortuga participan en una gran carrera que desafiar\u00e1 sus habilidades.<\/li><\/ul>\n\n\n\n<h2 id=\"resTit_4\">\u00bfC\u00f3mo se celebra este d\u00eda mundial?<\/h2>\n\n\n\n<p>En la celebraci\u00f3n de esta efem\u00e9ride se llevan a cabo charlas, actividades educativas y diversos eventos, destinados a la recaudaci\u00f3n de fondos para la conservaci\u00f3n e investigaci\u00f3n de las tortugas.<\/p>\n\n\n\n<p>Comparte informaci\u00f3n \u00fatil e interesante sobre el&nbsp;<strong>D\u00eda Mundial de la Tortuga<\/strong>&nbsp;en las redes sociales. Utiliza los hashtags&nbsp;<em><strong>#D\u00edaMundialDeLaTortuga #WorldTurtleDay<\/strong><\/em><\/p>\n","protected":false},"excerpt":{"rendered":"<p>El 23 de mayo se celebra el D\u00eda Mundial de la Tortuga,\u00a0para concienciar a la poblaci\u00f3n mundial acerca de esta especie que se encuentra en peligro de extinci\u00f3n. Asimismo, promueve las acciones necesarias para proteger y ayudar la supervivencia de estos reptiles ancestrales. Origen del D\u00eda Mundial de la Tortura Este d\u00eda mundial surgi\u00f3 en [&hellip;]<\/p>\n","protected":false},"author":40,"featured_media":339460,"comment_status":"open","ping_status":"open","sticky":false,"template":"","format":"standard","meta":{"_stopmodifiedupdate":false,"_modified_date":"","inline_featured_image":false,"spay_email":"","jetpack_publicize_message":""},"categories":[6],"tags":[],"jetpack_featured_media_url":"https:\/\/notinor.com\/jujuy\/wp-content\/uploads\/2022\/05\/tortuga-verde-dia-mundial-tortugas.jpg","jetpack_publicize_connections":[],"_links":{"self":[{"href":"https:\/\/notinor.com\/jujuy\/wp-json\/wp\/v2\/posts\/339459"}],"collection":[{"href":"https:\/\/notinor.com\/jujuy\/wp-json\/wp\/v2\/posts"}],"about":[{"href":"https:\/\/notinor.com\/jujuy\/wp-json\/wp\/v2\/types\/post"}],"author":[{"embeddable":true,"href":"https:\/\/notinor.com\/jujuy\/wp-json\/wp\/v2\/users\/40"}],"replies":[{"embeddable":true,"href":"https:\/\/notinor.com\/jujuy\/wp-json\/wp\/v2\/comments?post=339459"}],"version-history":[{"count":1,"href":"https:\/\/notinor.com\/jujuy\/wp-json\/wp\/v2\/posts\/339459\/revisions"}],"predecessor-version":[{"id":339461,"href":"https:\/\/notinor.com\/jujuy\/wp-json\/wp\/v2\/posts\/339459\/revisions\/339461"}],"wp:featuredmedia":[{"embeddable":true,"href":"https:\/\/notinor.com\/jujuy\/wp-json\/wp\/v2\/media\/339460"}],"wp:attachment":[{"href":"https:\/\/notinor.com\/jujuy\/wp-json\/wp\/v2\/media?parent=339459"}],"wp:term":[{"taxonomy":"category","embeddable":true,"href":"https:\/\/notinor.com\/jujuy\/wp-json\/wp\/v2\/categories?post=339459"},{"taxonomy":"post_tag","embeddable":true,"href":"https:\/\/notinor.com\/jujuy\/wp-json\/wp\/v2\/tags?post=339459"}],"curies":[{"name":"wp","href":"https:\/\/api.w.org\/{rel}","templated":true}]}}