{"id":33919,"date":"2015-06-30T01:53:13","date_gmt":"2015-06-30T04:53:13","guid":{"rendered":"http:\/\/notinor.com\/jujuy\/?p=33919"},"modified":"2015-06-30T01:53:13","modified_gmt":"2015-06-30T04:53:13","slug":"a-29-anos-de-la-conquista-de-la-copa-del-mundial-86","status":"publish","type":"post","link":"https:\/\/notinor.com\/jujuy\/a-29-anos-de-la-conquista-de-la-copa-del-mundial-86\/","title":{"rendered":"A 29 a\u00f1os de la conquista de la copa del Mundial 86"},"content":{"rendered":"<div class=\"ntbaj entry-summary\">Argentina superaba 3 a 2 a Alemania y gritaba campe\u00f3n en M\u00e9xico, con un Diego inolvidable.<\/div>\n<div class=\"nttxt entry-content\">\n<div>BUENOS AIRES.- Se cumplen 29 a\u00f1os de la segunda Copa del Mundo conquistada por la Selecci\u00f3n argentina. Ocurri\u00f3 en el Mundial de M\u00e9xico 1986 tras vencer en la final a Alemania por 3-2.<\/div>\n<div><a href=\"http:\/\/notinor.com\/jujuy\/wp-content\/uploads\/2015\/06\/diego.jpg\"><img decoding=\"async\" loading=\"lazy\" class=\"aligncenter  wp-image-33922\" src=\"http:\/\/notinor.com\/jujuy\/wp-content\/uploads\/2015\/06\/diego.jpg\" alt=\"diego\" width=\"360\" height=\"450\" srcset=\"https:\/\/notinor.com\/jujuy\/wp-content\/uploads\/2015\/06\/diego.jpg 900w, https:\/\/notinor.com\/jujuy\/wp-content\/uploads\/2015\/06\/diego-240x300.jpg 240w, https:\/\/notinor.com\/jujuy\/wp-content\/uploads\/2015\/06\/diego-819x1024.jpg 819w\" sizes=\"(max-width: 360px) 100vw, 360px\" \/><\/a><\/div>\n<div><\/div>\n<div>Jos\u00e9 Luis Brown abri\u00f3 la cuenta para Argentina en el minuto 23. Tras el descanso, Jorge Valdano hizo el segundo del seleccionado nacional. Pero Karl-Heinz Rummenigge, a 16 minutos del final, Rudi V\u00f6ller a 10, lograron el empate alem\u00e1n.<\/div>\n<div><\/div>\n<div>Solo tres minutos m\u00e1s tarde, Diego Armando Maradona recibi\u00f3 el bal\u00f3n en el medio del campo rodeado de rivales y sin casi posibilidades de juez. La selecci\u00f3n de Argentina fue capaz de celebrar su segunda victoria en la Copa Mundial en tres torneos (despu\u00e9s de ganar el Mundial de 1978).<\/div>\n<div>Antes de llegar a la final, la Selecci\u00f3n primero atraves\u00f3 la zona de grupos en la que estaban Italia, Bulgaria y Corea del Sur, y luego super\u00f3 a Uruguay, en octavos, a Inglaterra, en cuartos y a B\u00e9lgica, en las semifinales.<\/div>\n<div><\/div>\n<\/div>\n","protected":false},"excerpt":{"rendered":"<p>Argentina superaba 3 a 2 a Alemania y gritaba campe\u00f3n en M\u00e9xico, con un Diego inolvidable. BUENOS AIRES.- Se cumplen 29 a\u00f1os de la segunda Copa del Mundo conquistada por la Selecci\u00f3n argentina. Ocurri\u00f3 en el Mundial de M\u00e9xico 1986 tras vencer en la final a Alemania por 3-2. Jos\u00e9 Luis Brown abri\u00f3 la cuenta [&hellip;]<\/p>\n","protected":false},"author":1,"featured_media":33921,"comment_status":"open","ping_status":"open","sticky":false,"template":"","format":"standard","meta":{"_stopmodifiedupdate":false,"_modified_date":"","inline_featured_image":false,"spay_email":"","jetpack_publicize_message":""},"categories":[7],"tags":[],"jetpack_featured_media_url":"https:\/\/notinor.com\/jujuy\/wp-content\/uploads\/2015\/06\/copa3.jpg","jetpack_publicize_connections":[],"_links":{"self":[{"href":"https:\/\/notinor.com\/jujuy\/wp-json\/wp\/v2\/posts\/33919"}],"collection":[{"href":"https:\/\/notinor.com\/jujuy\/wp-json\/wp\/v2\/posts"}],"about":[{"href":"https:\/\/notinor.com\/jujuy\/wp-json\/wp\/v2\/types\/post"}],"author":[{"embeddable":true,"href":"https:\/\/notinor.com\/jujuy\/wp-json\/wp\/v2\/users\/1"}],"replies":[{"embeddable":true,"href":"https:\/\/notinor.com\/jujuy\/wp-json\/wp\/v2\/comments?post=33919"}],"version-history":[{"count":1,"href":"https:\/\/notinor.com\/jujuy\/wp-json\/wp\/v2\/posts\/33919\/revisions"}],"predecessor-version":[{"id":33923,"href":"https:\/\/notinor.com\/jujuy\/wp-json\/wp\/v2\/posts\/33919\/revisions\/33923"}],"wp:featuredmedia":[{"embeddable":true,"href":"https:\/\/notinor.com\/jujuy\/wp-json\/wp\/v2\/media\/33921"}],"wp:attachment":[{"href":"https:\/\/notinor.com\/jujuy\/wp-json\/wp\/v2\/media?parent=33919"}],"wp:term":[{"taxonomy":"category","embeddable":true,"href":"https:\/\/notinor.com\/jujuy\/wp-json\/wp\/v2\/categories?post=33919"},{"taxonomy":"post_tag","embeddable":true,"href":"https:\/\/notinor.com\/jujuy\/wp-json\/wp\/v2\/tags?post=33919"}],"curies":[{"name":"wp","href":"https:\/\/api.w.org\/{rel}","templated":true}]}}