{"id":33901,"date":"2015-06-30T01:40:17","date_gmt":"2015-06-30T04:40:17","guid":{"rendered":"http:\/\/notinor.com\/jujuy\/?p=33901"},"modified":"2015-06-30T01:40:17","modified_gmt":"2015-06-30T04:40:17","slug":"los-jujenos-marcharon-contra-el-uso-indebido-de-drogas-y-a-favor-de-la-vida","status":"publish","type":"post","link":"https:\/\/notinor.com\/jujuy\/los-jujenos-marcharon-contra-el-uso-indebido-de-drogas-y-a-favor-de-la-vida\/","title":{"rendered":"Los juje\u00f1os marcharon contra el uso indebido de drogas y a favor de la vida"},"content":{"rendered":"<p>La Municipalidad de San Salvador de Jujuy particip\u00f3 en coordinaci\u00f3n con el obispado de Jujuy para realizar una caminata alrededor de la Plaza Belgrano; en donde se encontraron con las diversas instituciones que bailaron y cantaron para erradicar este flagelo que aqueja a gran parte de los j\u00f3venes.<\/p>\n<p>&nbsp;<\/p>\n<p>El ejido municipal se hizo presente mediante el Diputado Nacional Dr. Mario Fiad; la Secretar\u00eda de Planificaci\u00f3n y Desarrollo que preside el Lic. Gustavo Muro; Directora Gral. de Planificaci\u00f3n Patricia Moya; Director de Participaci\u00f3n Ciudadana Isidoro Villafuerte; Presidente del Consejo Vecinal, Iv\u00e1n Chauque y distintos administradores de los CPV, CIC y Centros Vecinales.<\/p>\n<p>&nbsp;<\/p>\n<p>El 26\u00a0 de junio se declar\u00f3 como el D\u00eda Internacional de la lucha contra el uso indebido y el tr\u00e1fico il\u00edcito de drogas, debido a que las mismas, se encuentran en pleno consumo por gran parte de los j\u00f3venes.<\/p>\n<p>&nbsp;<\/p>\n<p>Por su parte, el Dr. Mario Fiad declar\u00f3 \u201cEs una causa noble el participar por la lucha contra las drogas. Tenemos que hacer todo un esfuerzo para su erradicaci\u00f3n, es una responsabilidad entre todos asistir a la convocatoria del Obispo\u201d.<\/p>\n<p>&nbsp;<\/p>\n<p>Asimismo, el Dip. Nac. Mario Fiad dijo \u201cNo hace falta la participaci\u00f3n desde el Obispado sino que desde el estado gubernamental se necesita unir fuerzas para hacer frente a este flagelo\u201d.<\/p>\n<p>&nbsp;<\/p>\n<p>Por otro lado, y ante los \u00faltimos minutos del festival que dio un marco de lucha mediante el arte, con la presencia de la m\u00fasica y el Ballet Sol y Arte que vistieron de folclore la Plaza Belgrano, el Obispo Monse\u00f1or Cesar Daniel Fern\u00e1ndez dirigi\u00f3 unas palabras a los caminantes. \u201cEstamos muy interesados en que este d\u00eda sea una toma de conciencia. No queremos que la droga se meta en nuestras casas, por eso agradezco la convocatoria de todas las instituciones, vecinos y transe\u00fantes ocasionales que se sumaron\u201d sostuvo el Obispo de Jujuy.<\/p>\n<p>Fern\u00e1ndez manifest\u00f3 que la jornada fue muy \u00f3ptima al recibir ayuda de las diferentes Direcciones del municipio capitalino como la Direcci\u00f3n de Salud Mental, el G.O.A. con sede en Alto Comedero; la ONG 19 de Febrero; Movimiento Familiar Cristiano, Consejo Vecinal, entre otros.<\/p>\n<p>&nbsp;<\/p>\n<p>Finalmente la caminata se realiz\u00f3 alrededor de la Plaza Belgrano en total paz y tranquilidad con unas velas que guiaron el camino del Monse\u00f1or Fern\u00e1ndez. El evento cerr\u00f3 con una velada propicia para que el artista, Fava Kindgard entone las canciones que finalizaron el D\u00eda Internacional de la lucha contra el consumo indebido de drogas.<\/p>\n","protected":false},"excerpt":{"rendered":"<p>La Municipalidad de San Salvador de Jujuy particip\u00f3 en coordinaci\u00f3n con el obispado de Jujuy para realizar una caminata alrededor de la Plaza Belgrano; en donde se encontraron con las diversas instituciones que bailaron y cantaron para erradicar este flagelo que aqueja a gran parte de los j\u00f3venes. &nbsp; El ejido municipal se hizo presente [&hellip;]<\/p>\n","protected":false},"author":1,"featured_media":33904,"comment_status":"open","ping_status":"open","sticky":false,"template":"","format":"standard","meta":{"_stopmodifiedupdate":false,"_modified_date":"","inline_featured_image":false,"spay_email":"","jetpack_publicize_message":""},"categories":[2],"tags":[],"jetpack_featured_media_url":"https:\/\/notinor.com\/jujuy\/wp-content\/uploads\/2015\/06\/foto-de-la-marcha-contra-la-droga-2.jpg","jetpack_publicize_connections":[],"_links":{"self":[{"href":"https:\/\/notinor.com\/jujuy\/wp-json\/wp\/v2\/posts\/33901"}],"collection":[{"href":"https:\/\/notinor.com\/jujuy\/wp-json\/wp\/v2\/posts"}],"about":[{"href":"https:\/\/notinor.com\/jujuy\/wp-json\/wp\/v2\/types\/post"}],"author":[{"embeddable":true,"href":"https:\/\/notinor.com\/jujuy\/wp-json\/wp\/v2\/users\/1"}],"replies":[{"embeddable":true,"href":"https:\/\/notinor.com\/jujuy\/wp-json\/wp\/v2\/comments?post=33901"}],"version-history":[{"count":1,"href":"https:\/\/notinor.com\/jujuy\/wp-json\/wp\/v2\/posts\/33901\/revisions"}],"predecessor-version":[{"id":33913,"href":"https:\/\/notinor.com\/jujuy\/wp-json\/wp\/v2\/posts\/33901\/revisions\/33913"}],"wp:featuredmedia":[{"embeddable":true,"href":"https:\/\/notinor.com\/jujuy\/wp-json\/wp\/v2\/media\/33904"}],"wp:attachment":[{"href":"https:\/\/notinor.com\/jujuy\/wp-json\/wp\/v2\/media?parent=33901"}],"wp:term":[{"taxonomy":"category","embeddable":true,"href":"https:\/\/notinor.com\/jujuy\/wp-json\/wp\/v2\/categories?post=33901"},{"taxonomy":"post_tag","embeddable":true,"href":"https:\/\/notinor.com\/jujuy\/wp-json\/wp\/v2\/tags?post=33901"}],"curies":[{"name":"wp","href":"https:\/\/api.w.org\/{rel}","templated":true}]}}