{"id":337704,"date":"2022-05-09T16:12:31","date_gmt":"2022-05-09T19:12:31","guid":{"rendered":"https:\/\/notinor.com\/jujuy\/?p=337704"},"modified":"2022-05-09T16:12:35","modified_gmt":"2022-05-09T19:12:35","slug":"avanza-el-servicio-de-vacunacion-en-establecimientos-educativos-jujenos","status":"publish","type":"post","link":"https:\/\/notinor.com\/jujuy\/avanza-el-servicio-de-vacunacion-en-establecimientos-educativos-jujenos\/","title":{"rendered":"Avanza el servicio de vacunaci\u00f3n en establecimientos educativos juje\u00f1os"},"content":{"rendered":"\n<p class=\"has-medium-font-size\"><strong><em>La estrategia facilita el acceso de las vacunas a estudiantes desde los 3 a\u00f1os de edad, padres, tutores, docentes y no docentes.<\/em><\/strong><\/p>\n\n\n\n<div class=\"wp-block-image\"><figure class=\"aligncenter size-large\"><img decoding=\"async\" loading=\"lazy\" width=\"800\" height=\"450\" src=\"https:\/\/notinor.com\/jujuy\/wp-content\/uploads\/2022\/05\/vacunacion-escuelas.jpg\" alt=\"\" class=\"wp-image-337707\" srcset=\"https:\/\/notinor.com\/jujuy\/wp-content\/uploads\/2022\/05\/vacunacion-escuelas.jpg 800w, https:\/\/notinor.com\/jujuy\/wp-content\/uploads\/2022\/05\/vacunacion-escuelas-649x365.jpg 649w, https:\/\/notinor.com\/jujuy\/wp-content\/uploads\/2022\/05\/vacunacion-escuelas-500x280.jpg 500w, https:\/\/notinor.com\/jujuy\/wp-content\/uploads\/2022\/05\/vacunacion-escuelas-768x432.jpg 768w, https:\/\/notinor.com\/jujuy\/wp-content\/uploads\/2022\/05\/vacunacion-escuelas-750x422.jpg 750w\" sizes=\"(max-width: 800px) 100vw, 800px\" \/><\/figure><\/div>\n\n\n\n<p>El Ministerio de Salud de Jujuy reiter\u00f3 a la poblaci\u00f3n que el Plan Estrat\u00e9gico de Vacunaci\u00f3n en respuesta al Covid-19 contin\u00faa en toda la provincia con diferentes acciones en marcha entre las que se destaca la visita de los equipos sanitarios a establecimientos educativos de capital e interior.<\/p>\n\n\n\n<p>El objetivo principal es el de facilitar el acceso de las comunidades educativas a las vacunas, particularmente para completar los esquemas, de modo de alcanzar el m\u00e1ximo nivel de cobertura lo que permite reducir formas graves de la enfermedad, minimizar las internaciones y las muertes por el virus, siendo adem\u00e1s herramienta fundamental para el desarrollo de actividades cotidianas.<\/p>\n\n\n\n<p>De este modo, los equipos de Atenci\u00f3n Primaria de la Salud (APS) llevan adelante el recorrido por las instituciones escolar de niveles inicial, primario y secundario.<\/p>\n\n\n\n<p>En San Salvador de Jujuy, el cronograma de esta semana se realizar\u00e1 de la siguiente manera:<\/p>\n\n\n\n<p class=\"has-medium-font-size\"><strong>Martes 10\/05<\/strong><\/p>\n\n\n\n<ul><li>Colegio Secundario N\u00b0 59 \u201cOlga Aredez\u201d\u00a0 <\/li><li>Colegio Secundario \u201cCan\u00f3nigo Gorriti\u201d\u00a0 <\/li><li>Colegio Secundario N\u00b0 2 \u201cRocha Sol\u00f3rzano\u201d\u00a0 <\/li><li>Colegio Nacional N\u00b0 3 \u201c\u00c9xodo Juje\u00f1o\u201d\u00a0 <\/li><li>Escuela Provincial de Artes N\u00b0 1 \u201cMedardo Pantoja\u201d<\/li><\/ul>\n\n\n\n<p class=\"has-medium-font-size\"><strong>Mi\u00e9rcoles 11\/05<\/strong><\/p>\n\n\n\n<ul><li>Escuela N\u00b0 335 (Niveles Inicial y Primario)\u00a0 <\/li><li>Colegio \u201cRemedios de Escalada\u201d (Niveles Inicial y Primario)\u00a0 <\/li><li>Escuela N\u00b0 147 \u201cRegimiento 20 de Infanter\u00eda de Monta\u00f1a\"\u00a0 <\/li><li>Escuela N\u00b0 321 \u201cProvincia de Buenos Aires\u201d\u00a0 <\/li><li>Escuela N\u00b0 391 \u201cPrimera Fundaci\u00f3n de Jujuy\u201d\u00a0 <\/li><li>Escuela N\u00b0 68 \u201cMaestra Concepci\u00f3n Cicarelli\u201d<\/li><\/ul>\n\n\n\n<p class=\"has-medium-font-size\"><strong>Jueves 12 de Mayo<\/strong><\/p>\n\n\n\n<ul><li>Escuela N\u00b0 456 \u201cSargento Juan Bautista Cabral\u201d\u00a0 <\/li><li>Escuela N\u00b0 458 (Nivel Primario)\u00a0 <\/li><li>Colegio \u201cNuevo Horizonte\u201d (Niveles Inicial y Primario)<\/li><\/ul>\n\n\n\n<p class=\"has-medium-font-size\"><strong>Viernes 13\/05<\/strong><\/p>\n\n\n\n<ul><li>\u00a0Jard\u00edn Independiente N\u00b0 2 (Escuela N\u00b0 147)\u00a0 <\/li><li>Jard\u00edn Independiente N\u00b0 27\u00a0 <\/li><li>JIN N\u00b0 42 (Escuela N\u00b0 79)\u00a0 <\/li><li>JIN N\u00b0 16 (Escuela N\u00b0 68)\u00a0 <\/li><li>JIN N\u00b0 16 (Escuela N\u00b0 391)<\/li><\/ul>\n","protected":false},"excerpt":{"rendered":"<p>La estrategia facilita el acceso de las vacunas a estudiantes desde los 3 a\u00f1os de edad, padres, tutores, docentes y no docentes. El Ministerio de Salud de Jujuy reiter\u00f3 a la poblaci\u00f3n que el Plan Estrat\u00e9gico de Vacunaci\u00f3n en respuesta al Covid-19 contin\u00faa en toda la provincia con diferentes acciones en marcha entre las que [&hellip;]<\/p>\n","protected":false},"author":49,"featured_media":337707,"comment_status":"open","ping_status":"open","sticky":false,"template":"","format":"standard","meta":{"_stopmodifiedupdate":false,"_modified_date":"","inline_featured_image":false,"spay_email":"","jetpack_publicize_message":""},"categories":[2,514],"tags":[],"jetpack_featured_media_url":"https:\/\/notinor.com\/jujuy\/wp-content\/uploads\/2022\/05\/vacunacion-escuelas.jpg","jetpack_publicize_connections":[],"_links":{"self":[{"href":"https:\/\/notinor.com\/jujuy\/wp-json\/wp\/v2\/posts\/337704"}],"collection":[{"href":"https:\/\/notinor.com\/jujuy\/wp-json\/wp\/v2\/posts"}],"about":[{"href":"https:\/\/notinor.com\/jujuy\/wp-json\/wp\/v2\/types\/post"}],"author":[{"embeddable":true,"href":"https:\/\/notinor.com\/jujuy\/wp-json\/wp\/v2\/users\/49"}],"replies":[{"embeddable":true,"href":"https:\/\/notinor.com\/jujuy\/wp-json\/wp\/v2\/comments?post=337704"}],"version-history":[{"count":1,"href":"https:\/\/notinor.com\/jujuy\/wp-json\/wp\/v2\/posts\/337704\/revisions"}],"predecessor-version":[{"id":337708,"href":"https:\/\/notinor.com\/jujuy\/wp-json\/wp\/v2\/posts\/337704\/revisions\/337708"}],"wp:featuredmedia":[{"embeddable":true,"href":"https:\/\/notinor.com\/jujuy\/wp-json\/wp\/v2\/media\/337707"}],"wp:attachment":[{"href":"https:\/\/notinor.com\/jujuy\/wp-json\/wp\/v2\/media?parent=337704"}],"wp:term":[{"taxonomy":"category","embeddable":true,"href":"https:\/\/notinor.com\/jujuy\/wp-json\/wp\/v2\/categories?post=337704"},{"taxonomy":"post_tag","embeddable":true,"href":"https:\/\/notinor.com\/jujuy\/wp-json\/wp\/v2\/tags?post=337704"}],"curies":[{"name":"wp","href":"https:\/\/api.w.org\/{rel}","templated":true}]}}