{"id":337703,"date":"2022-05-09T16:04:44","date_gmt":"2022-05-09T19:04:44","guid":{"rendered":"https:\/\/notinor.com\/jujuy\/?p=337703"},"modified":"2022-05-09T16:04:50","modified_gmt":"2022-05-09T19:04:50","slug":"barby-silenzi-dice-que-no-sabe-nada-de-el-polaco-y-admitio-la-pelea-la-relacion-no-da-para-mas","status":"publish","type":"post","link":"https:\/\/notinor.com\/jujuy\/barby-silenzi-dice-que-no-sabe-nada-de-el-polaco-y-admitio-la-pelea-la-relacion-no-da-para-mas\/","title":{"rendered":"Barby Silenzi dice que no sabe nada de El Polaco y admiti\u00f3 la pelea: \u201cLa relaci\u00f3n no da para m\u00e1s\u201d"},"content":{"rendered":"\n<p><em>La bailarina reconoci\u00f3 la separaci\u00f3n del cantante y asegur\u00f3 que hace d\u00edas que no tiene noticias de \u00e9l.<\/em><\/p>\n\n\n\n<div class=\"wp-block-image\"><figure class=\"aligncenter size-large\"><img decoding=\"async\" loading=\"lazy\" width=\"767\" height=\"430\" src=\"https:\/\/notinor.com\/jujuy\/wp-content\/uploads\/2022\/05\/BX4M6PHZ5BFGZPDCTH62FQFLYA.jpg\" alt=\"\" class=\"wp-image-337705\" srcset=\"https:\/\/notinor.com\/jujuy\/wp-content\/uploads\/2022\/05\/BX4M6PHZ5BFGZPDCTH62FQFLYA.jpg 767w, https:\/\/notinor.com\/jujuy\/wp-content\/uploads\/2022\/05\/BX4M6PHZ5BFGZPDCTH62FQFLYA-651x365.jpg 651w, https:\/\/notinor.com\/jujuy\/wp-content\/uploads\/2022\/05\/BX4M6PHZ5BFGZPDCTH62FQFLYA-500x280.jpg 500w, https:\/\/notinor.com\/jujuy\/wp-content\/uploads\/2022\/05\/BX4M6PHZ5BFGZPDCTH62FQFLYA-750x420.jpg 750w\" sizes=\"(max-width: 767px) 100vw, 767px\" \/><\/figure><\/div>\n\n\n\n<p><strong>La bailarina charl\u00f3 con Paula Varela en Socios del Espect\u00e1culo que cont\u00f3 que con el cantante \u201c<\/strong>est\u00e1n distanciados. Al d\u00eda de hoy no se est\u00e1n hablando ya hace unos d\u00edas. Habl\u00e9 con Barby, que me contest\u00f3 como siempre, pero me dice \u2018no s\u00e9, h\u00e1blalo con \u00e9l\u201d\u2019.<\/p>\n\n\n\n<p>\u201cEs la primera vez que<strong>&nbsp;El Polaco<\/strong>&nbsp;suspende shows por un tema personal y lo hace p\u00fablico. Si es algo personal y familiar es por&nbsp;<strong>Barby<\/strong>. Ella me dice \u2018yo no s\u00e9 nada, en cosas de trabajo no me meto\u2019\u201d, agreg\u00f3<strong>&nbsp;la panelista.<\/strong><\/p>\n\n\n\n<p><strong>Silenzi, seg\u00fan Varela<\/strong>, \u201cno le puso un posteo ni nada en las redes por el programa nuevo, le puso un like nom\u00e1s, porque no se est\u00e1n hablando. Ellos est\u00e1n peleados\u201d.<\/p>\n\n\n\n<p>\u201cEso te lo dijo ella\u201d, se asegur\u00f3<strong>\u00a0Adri\u00e1n Pallares.<\/strong><\/p>\n\n\n\n<p><strong>Paula&nbsp;<\/strong>respondi\u00f3: \u201cClaro. Despu\u00e9s te dice \u2018no habl\u00e9 con<strong>&nbsp;El Polaco,<\/strong>&nbsp;habl\u00e1 con \u00e9l, no s\u00e9 nada de \u00e9l\u2019\u201d.<\/p>\n\n\n\n<p>\u201cElla est\u00e1 instalada en su departamento de Palermo en la semana porque tiene el colegio ah\u00ed cerquita. Los fines de semana iba a la casa de La Plata, pero ahora no. Ella hizo su vida, sali\u00f3 a comer con amigos y fue a ver Sex. Ellos no se hablan. Lo cierto es que est\u00e1n peleados. Hasta la ma\u00f1ana de hoy \u00e9l no hab\u00eda aparecido\u201d, explic\u00f3<strong>&nbsp;la periodista.<\/strong><\/p>\n\n\n\n<p><strong>Varela<\/strong>&nbsp;aclar\u00f3 que \u201cla gente que est\u00e1 a su alrededor me dice que<strong>&nbsp;\u2018la verdad es que la relaci\u00f3n no da para m\u00e1s. Falta que ellos se pongan un l\u00edmite nom\u00e1s porque no da para m\u00e1s<\/strong>. Se la pasan peleando todo el tiempo\u2019.<strong>&nbsp;Barby tiene algo maternal que ya hac\u00eda con Francisco Delgado<\/strong>&nbsp;que es cuidar a su pareja\u201d.<\/p>\n\n\n\n<p>\u201cNi idea de que es lo que pas\u00f3 con sus shows\u201d, respondi\u00f3 terminante\u00a0<strong>Barby a Mariana Brey,<\/strong>\u00a0que tambi\u00e9n se comunic\u00f3 con ella.<\/p>\n","protected":false},"excerpt":{"rendered":"<p>La bailarina reconoci\u00f3 la separaci\u00f3n del cantante y asegur\u00f3 que hace d\u00edas que no tiene noticias de \u00e9l. La bailarina charl\u00f3 con Paula Varela en Socios del Espect\u00e1culo que cont\u00f3 que con el cantante \u201cest\u00e1n distanciados. Al d\u00eda de hoy no se est\u00e1n hablando ya hace unos d\u00edas. Habl\u00e9 con Barby, que me contest\u00f3 como [&hellip;]<\/p>\n","protected":false},"author":37,"featured_media":337705,"comment_status":"open","ping_status":"open","sticky":false,"template":"","format":"standard","meta":{"_stopmodifiedupdate":false,"_modified_date":"","inline_featured_image":false,"spay_email":"","jetpack_publicize_message":""},"categories":[21],"tags":[],"jetpack_featured_media_url":"https:\/\/notinor.com\/jujuy\/wp-content\/uploads\/2022\/05\/BX4M6PHZ5BFGZPDCTH62FQFLYA.jpg","jetpack_publicize_connections":[],"_links":{"self":[{"href":"https:\/\/notinor.com\/jujuy\/wp-json\/wp\/v2\/posts\/337703"}],"collection":[{"href":"https:\/\/notinor.com\/jujuy\/wp-json\/wp\/v2\/posts"}],"about":[{"href":"https:\/\/notinor.com\/jujuy\/wp-json\/wp\/v2\/types\/post"}],"author":[{"embeddable":true,"href":"https:\/\/notinor.com\/jujuy\/wp-json\/wp\/v2\/users\/37"}],"replies":[{"embeddable":true,"href":"https:\/\/notinor.com\/jujuy\/wp-json\/wp\/v2\/comments?post=337703"}],"version-history":[{"count":1,"href":"https:\/\/notinor.com\/jujuy\/wp-json\/wp\/v2\/posts\/337703\/revisions"}],"predecessor-version":[{"id":337706,"href":"https:\/\/notinor.com\/jujuy\/wp-json\/wp\/v2\/posts\/337703\/revisions\/337706"}],"wp:featuredmedia":[{"embeddable":true,"href":"https:\/\/notinor.com\/jujuy\/wp-json\/wp\/v2\/media\/337705"}],"wp:attachment":[{"href":"https:\/\/notinor.com\/jujuy\/wp-json\/wp\/v2\/media?parent=337703"}],"wp:term":[{"taxonomy":"category","embeddable":true,"href":"https:\/\/notinor.com\/jujuy\/wp-json\/wp\/v2\/categories?post=337703"},{"taxonomy":"post_tag","embeddable":true,"href":"https:\/\/notinor.com\/jujuy\/wp-json\/wp\/v2\/tags?post=337703"}],"curies":[{"name":"wp","href":"https:\/\/api.w.org\/{rel}","templated":true}]}}