{"id":337700,"date":"2022-05-09T15:58:06","date_gmt":"2022-05-09T18:58:06","guid":{"rendered":"https:\/\/notinor.com\/jujuy\/?p=337700"},"modified":"2022-05-09T15:58:13","modified_gmt":"2022-05-09T18:58:13","slug":"gianinna-maradona-y-daniel-osvaldo-se-casan-manana-los-detalles-de-una-boda-polemica","status":"publish","type":"post","link":"https:\/\/notinor.com\/jujuy\/gianinna-maradona-y-daniel-osvaldo-se-casan-manana-los-detalles-de-una-boda-polemica\/","title":{"rendered":"Gianinna Maradona y Daniel Osvaldo se casan ma\u00f1ana: los detalles de una boda pol\u00e9mica"},"content":{"rendered":"\n<p>El exfutbolista y la hija de\u00a0<strong>Diego Maradona\u00a0<\/strong>se casar\u00e1n intentando escapar de los flashes.<\/p>\n\n\n\n<div class=\"wp-block-image\"><figure class=\"aligncenter size-large\"><img decoding=\"async\" loading=\"lazy\" width=\"840\" height=\"471\" src=\"https:\/\/notinor.com\/jujuy\/wp-content\/uploads\/2022\/05\/KNSWT3S52JDMPGBL7KCQPO42OE-840x471.jpeg\" alt=\"\" class=\"wp-image-337701\" srcset=\"https:\/\/notinor.com\/jujuy\/wp-content\/uploads\/2022\/05\/KNSWT3S52JDMPGBL7KCQPO42OE-840x471.jpeg 840w, https:\/\/notinor.com\/jujuy\/wp-content\/uploads\/2022\/05\/KNSWT3S52JDMPGBL7KCQPO42OE-651x365.jpeg 651w, https:\/\/notinor.com\/jujuy\/wp-content\/uploads\/2022\/05\/KNSWT3S52JDMPGBL7KCQPO42OE-500x280.jpeg 500w, https:\/\/notinor.com\/jujuy\/wp-content\/uploads\/2022\/05\/KNSWT3S52JDMPGBL7KCQPO42OE-768x431.jpeg 768w, https:\/\/notinor.com\/jujuy\/wp-content\/uploads\/2022\/05\/KNSWT3S52JDMPGBL7KCQPO42OE-750x421.jpeg 750w, https:\/\/notinor.com\/jujuy\/wp-content\/uploads\/2022\/05\/KNSWT3S52JDMPGBL7KCQPO42OE-1140x639.jpeg 1140w, https:\/\/notinor.com\/jujuy\/wp-content\/uploads\/2022\/05\/KNSWT3S52JDMPGBL7KCQPO42OE.jpeg 1280w\" sizes=\"(max-width: 840px) 100vw, 840px\" \/><\/figure><\/div>\n\n\n\n<p>Ma\u00f1ana ser\u00e1 el gran d\u00eda para\u00a0<strong>Gianinna Maradona\u00a0<\/strong>y\u00a0<strong>Daniel Osvaldo<\/strong>. Trascendi\u00f3 que la pareja pasar\u00e1 por el Registro Civil para casarse\u00a0y\u00a0<strong>Guido Zaffora<\/strong>\u00a0en<strong>\u00a0Es por ah\u00ed\u00a0<\/strong>cont\u00f3 los detalles de una boda que buscaba ser top secret.<\/p>\n\n\n\n<p>\u201c<strong>Va a ser una ceremonia \u00edntima&nbsp;<\/strong>que fue decidida hace un mes y medio\u201d, asegur\u00f3 el periodista, sobre el grupo reducido que asistir\u00e1 al casamiento, que llega en medio de una pol\u00e9mica que el exfutbolista mantiene con las madres de sus hijos por el incumplimiento en la cuota alimentaria.<\/p>\n\n\n\n<p>\u201cVa a ser para amigos \u00edntimos y\u00a0<strong>por el momento no va a haber fiesta.<\/strong>\u00a0Si puede llegar a haber un almuerzo\u201d, revel\u00f3, dejando en claro que no habr\u00e1 festejo y todo se limitar\u00e1 a una celebraci\u00f3n s\u00faper \u00edntima.<\/p>\n\n\n\n<p><strong>DANIEL OSVALDO Y GIANINNA MARADONA ANUNCIARON SU CASAMIENTO<\/strong><\/p>\n\n\n\n<p>Luego de que\u00a0<strong>Elena Braccini<\/strong>\u00a0confirmara que\u00a0<strong>Daniel Osvaldo<\/strong>\u00a0(su expareja y padre de sus hijas\u00a0<strong>Victoria<\/strong>\u00a0<strong>y Mar\u00eda Helena<\/strong>; con quien mantiene un fuerte litigio legal) se casa con\u00a0<strong>Gianinna Maradona<\/strong>,\u00a0<strong>P\u00eda Shaw<\/strong>\u00a0dio detalles de la fecha en la que se celebrara la boda.<\/p>\n\n\n\n<p>\u201c<strong>Se casan en exactamente en 4 d\u00edas Daniel Osvaldo y Gianinna Maradona<\/strong>\u201d, fue la noticia que lanz\u00f3 la angelita de\u00a0<strong>LAM<\/strong>\u00a0generando la sorpresa\u00a0en el resto de sus compa\u00f1eras. \u201c<strong>Esto me lo cuenta una de las ex, con quien Daniel tiene un hijo<\/strong>\u201d, agreg\u00f3 P\u00eda, antes de pasar el audio en el que\u00a0<strong>Ana Oertlinger<\/strong>, madre de\u00a0<strong>Gianluca<\/strong>, fruto de su anterior relaci\u00f3n con el cantante, brinda m\u00e1s informaci\u00f3n sobre esta bomba.<\/p>\n\n\n\n<p>\u201c<strong>Con respecto al casamiento, yo no tengo mucha informaci\u00f3n porque a mi hijo jam\u00e1s se lo comunic\u00f3<\/strong>, pero a m\u00ed me lo dijo la persona que\u00a0lo hizo p\u00fablico\u201d, se la escuch\u00f3 decir a Oertlinger, en referencia a Elena. \u201c<strong>S\u00e9 que la fecha es el 10 de mayo de 2022<\/strong>\u201d, resumi\u00f3. A lo que\u00a0<strong>\u00c1ngel de Brito<\/strong>\u00a0cerr\u00f3, tajante: \u201cEsto es \u2018casado sin hijos\u2019 porque ellos\u00a0no van a estar en la boda\u201d.<\/p>\n\n\n\n<p><\/p>\n","protected":false},"excerpt":{"rendered":"<p>El exfutbolista y la hija de\u00a0Diego Maradona\u00a0se casar\u00e1n intentando escapar de los flashes. Ma\u00f1ana ser\u00e1 el gran d\u00eda para\u00a0Gianinna Maradona\u00a0y\u00a0Daniel Osvaldo. Trascendi\u00f3 que la pareja pasar\u00e1 por el Registro Civil para casarse\u00a0y\u00a0Guido Zaffora\u00a0en\u00a0Es por ah\u00ed\u00a0cont\u00f3 los detalles de una boda que buscaba ser top secret. \u201cVa a ser una ceremonia \u00edntima&nbsp;que fue decidida hace un [&hellip;]<\/p>\n","protected":false},"author":37,"featured_media":337701,"comment_status":"open","ping_status":"open","sticky":false,"template":"","format":"standard","meta":{"_stopmodifiedupdate":false,"_modified_date":"","inline_featured_image":false,"spay_email":"","jetpack_publicize_message":""},"categories":[21],"tags":[],"jetpack_featured_media_url":"https:\/\/notinor.com\/jujuy\/wp-content\/uploads\/2022\/05\/KNSWT3S52JDMPGBL7KCQPO42OE.jpeg","jetpack_publicize_connections":[],"_links":{"self":[{"href":"https:\/\/notinor.com\/jujuy\/wp-json\/wp\/v2\/posts\/337700"}],"collection":[{"href":"https:\/\/notinor.com\/jujuy\/wp-json\/wp\/v2\/posts"}],"about":[{"href":"https:\/\/notinor.com\/jujuy\/wp-json\/wp\/v2\/types\/post"}],"author":[{"embeddable":true,"href":"https:\/\/notinor.com\/jujuy\/wp-json\/wp\/v2\/users\/37"}],"replies":[{"embeddable":true,"href":"https:\/\/notinor.com\/jujuy\/wp-json\/wp\/v2\/comments?post=337700"}],"version-history":[{"count":1,"href":"https:\/\/notinor.com\/jujuy\/wp-json\/wp\/v2\/posts\/337700\/revisions"}],"predecessor-version":[{"id":337702,"href":"https:\/\/notinor.com\/jujuy\/wp-json\/wp\/v2\/posts\/337700\/revisions\/337702"}],"wp:featuredmedia":[{"embeddable":true,"href":"https:\/\/notinor.com\/jujuy\/wp-json\/wp\/v2\/media\/337701"}],"wp:attachment":[{"href":"https:\/\/notinor.com\/jujuy\/wp-json\/wp\/v2\/media?parent=337700"}],"wp:term":[{"taxonomy":"category","embeddable":true,"href":"https:\/\/notinor.com\/jujuy\/wp-json\/wp\/v2\/categories?post=337700"},{"taxonomy":"post_tag","embeddable":true,"href":"https:\/\/notinor.com\/jujuy\/wp-json\/wp\/v2\/tags?post=337700"}],"curies":[{"name":"wp","href":"https:\/\/api.w.org\/{rel}","templated":true}]}}